{"id":1478,"date":"2010-12-21T22:44:27","date_gmt":"2010-12-21T20:44:27","guid":{"rendered":"http:\/\/www.luxorbis.org\/friedensplattform.at\/?p=1478"},"modified":"2010-12-21T22:44:27","modified_gmt":"2010-12-21T20:44:27","slug":"frankfurter-rundschau-korea-konflikt-krieg-nicht-ausgeschlossen","status":"publish","type":"post","link":"https:\/\/www.friedensplattform.at\/?p=1478","title":{"rendered":"Frankfurter Rundschau: Korea-Konflikt &#8211; Krieg nicht ausgeschlossen"},"content":{"rendered":"<p>S\u00fcd- und Nordkorea man\u00f6vrieren sich in eine ausweglose Situation. An den Milit\u00e4r\u00fcbungen im Grenzgebiet sind auch US-Soldaten beteiligt.<\/p>\n<p><a title=\"Frankfurter Rundschau\" href=\"http:\/\/www.fr-online.de\/politik\/krieg-nicht-ausgeschlossen\/-\/1472596\/5027618\/-\/index.html\" target=\"_blank\">Weiterlesen in der Frankfurter Rundschau<\/a><\/p>\n","protected":false},"excerpt":{"rendered":"<p>S\u00fcd- und Nordkorea man\u00f6vrieren sich in eine ausweglose Situation. An den Milit\u00e4r\u00fcbungen im Grenzgebiet sind auch US-Soldaten beteiligt. Weiterlesen in der Frankfurter Rundschau<\/p>\n","protected":false},"author":1,"featured_media":0,"comment_status":"open","ping_status":"open","sticky":false,"template":"","format":"standard","meta":{"footnotes":""},"categories":[1],"tags":[],"class_list":["post-1478","post","type-post","status-publish","format-standard","hentry","category-allgemein"],"_links":{"self":[{"href":"https:\/\/www.friedensplattform.at\/index.php?rest_route=\/wp\/v2\/posts\/1478","targetHints":{"allow":["GET"]}}],"collection":[{"href":"https:\/\/www.friedensplattform.at\/index.php?rest_route=\/wp\/v2\/posts"}],"about":[{"href":"https:\/\/www.friedensplattform.at\/index.php?rest_route=\/wp\/v2\/types\/post"}],"author":[{"embeddable":true,"href":"https:\/\/www.friedensplattform.at\/index.php?rest_route=\/wp\/v2\/users\/1"}],"replies":[{"embeddable":true,"href":"https:\/\/www.friedensplattform.at\/index.php?rest_route=%2Fwp%2Fv2%2Fcomments&post=1478"}],"version-history":[{"count":0,"href":"https:\/\/www.friedensplattform.at\/index.php?rest_route=\/wp\/v2\/posts\/1478\/revisions"}],"wp:attachment":[{"href":"https:\/\/www.friedensplattform.at\/index.php?rest_route=%2Fwp%2Fv2%2Fmedia&parent=1478"}],"wp:term":[{"taxonomy":"category","embeddable":true,"href":"https:\/\/www.friedensplattform.at\/index.php?rest_route=%2Fwp%2Fv2%2Fcategories&post=1478"},{"taxonomy":"post_tag","embeddable":true,"href":"https:\/\/www.friedensplattform.at\/index.php?rest_route=%2Fwp%2Fv2%2Ftags&post=1478"}],"curies":[{"name":"wp","href":"https:\/\/api.w.org\/{rel}","templated":true}]}}