{"id":148,"date":"2007-06-12T22:55:37","date_gmt":"2007-06-12T20:55:37","guid":{"rendered":"http:\/\/www.luxorbis.org\/friedensplattform.at\/?p=148"},"modified":"2007-06-12T22:55:37","modified_gmt":"2007-06-12T20:55:37","slug":"usa-treiben-rustungsspirale-an","status":"publish","type":"post","link":"https:\/\/www.friedensplattform.at\/?p=148","title":{"rendered":"USA treiben R&#252;stungsspirale an"},"content":{"rendered":"<p>Milit\u00e4rausgaben<br \/>\n<strong>USA treiben R\u00fcstungsspirale an<\/strong><br \/>\nDer von den USA ausgerufene &#8222;Krieg gegen den Terror&#8220; hat die weltweiten R\u00fcstungsausgaben auf neue Rekordh\u00f6hen getrieben<\/p>\n<p><a title=\"Frankfurter Rundschau\" target=\"_blank\" href=\"http:\/\/www.fr-online.de\/top_news\/?em_cnt=1152358\">Ein Artikel in der Frankfurter Rundschau<\/a><\/p>\n","protected":false},"excerpt":{"rendered":"<p>Milit\u00e4rausgaben USA treiben R\u00fcstungsspirale an Der von den USA ausgerufene &#8222;Krieg gegen den Terror&#8220; hat die weltweiten R\u00fcstungsausgaben auf neue Rekordh\u00f6hen getrieben Ein Artikel in der Frankfurter Rundschau<\/p>\n","protected":false},"author":1,"featured_media":0,"comment_status":"open","ping_status":"open","sticky":false,"template":"","format":"standard","meta":{"footnotes":""},"categories":[1],"tags":[],"class_list":["post-148","post","type-post","status-publish","format-standard","hentry","category-allgemein"],"_links":{"self":[{"href":"https:\/\/www.friedensplattform.at\/index.php?rest_route=\/wp\/v2\/posts\/148","targetHints":{"allow":["GET"]}}],"collection":[{"href":"https:\/\/www.friedensplattform.at\/index.php?rest_route=\/wp\/v2\/posts"}],"about":[{"href":"https:\/\/www.friedensplattform.at\/index.php?rest_route=\/wp\/v2\/types\/post"}],"author":[{"embeddable":true,"href":"https:\/\/www.friedensplattform.at\/index.php?rest_route=\/wp\/v2\/users\/1"}],"replies":[{"embeddable":true,"href":"https:\/\/www.friedensplattform.at\/index.php?rest_route=%2Fwp%2Fv2%2Fcomments&post=148"}],"version-history":[{"count":0,"href":"https:\/\/www.friedensplattform.at\/index.php?rest_route=\/wp\/v2\/posts\/148\/revisions"}],"wp:attachment":[{"href":"https:\/\/www.friedensplattform.at\/index.php?rest_route=%2Fwp%2Fv2%2Fmedia&parent=148"}],"wp:term":[{"taxonomy":"category","embeddable":true,"href":"https:\/\/www.friedensplattform.at\/index.php?rest_route=%2Fwp%2Fv2%2Fcategories&post=148"},{"taxonomy":"post_tag","embeddable":true,"href":"https:\/\/www.friedensplattform.at\/index.php?rest_route=%2Fwp%2Fv2%2Ftags&post=148"}],"curies":[{"name":"wp","href":"https:\/\/api.w.org\/{rel}","templated":true}]}}