{"id":1501,"date":"2011-01-17T21:06:40","date_gmt":"2011-01-17T19:06:40","guid":{"rendered":"http:\/\/www.luxorbis.org\/friedensplattform.at\/?p=1501"},"modified":"2011-01-17T21:06:40","modified_gmt":"2011-01-17T19:06:40","slug":"im-exil-es-gab-nie-ein-leeres-land-der-freitag","status":"publish","type":"post","link":"https:\/\/www.friedensplattform.at\/?p=1501","title":{"rendered":"Im Exil: Es gab nie ein leeres Land \u2014 Der Freitag"},"content":{"rendered":"<p>Der Historiker Ilan Pappe spricht \u00fcber seine entschiedene Abkehr von einer akademischen Karrriere in Israel sowie \u00fcber die N\u00e4he zwischen Rassismus und Biologismus<\/p>\n<p><a title=\"der Freitag\" href=\"http:\/\/www.freitag.de\/politik\/1102-es-gab-nie-ein-leeres-land\" target=\"_blank\">Weiterlesen auf freitag.de<\/a><\/p>\n","protected":false},"excerpt":{"rendered":"<p>Der Historiker Ilan Pappe spricht \u00fcber seine entschiedene Abkehr von einer akademischen Karrriere in Israel sowie \u00fcber die N\u00e4he zwischen Rassismus und Biologismus Weiterlesen auf freitag.de<\/p>\n","protected":false},"author":1,"featured_media":0,"comment_status":"open","ping_status":"open","sticky":false,"template":"","format":"standard","meta":{"footnotes":""},"categories":[5],"tags":[],"class_list":["post-1501","post","type-post","status-publish","format-standard","hentry","category-arabischer-raum"],"_links":{"self":[{"href":"https:\/\/www.friedensplattform.at\/index.php?rest_route=\/wp\/v2\/posts\/1501","targetHints":{"allow":["GET"]}}],"collection":[{"href":"https:\/\/www.friedensplattform.at\/index.php?rest_route=\/wp\/v2\/posts"}],"about":[{"href":"https:\/\/www.friedensplattform.at\/index.php?rest_route=\/wp\/v2\/types\/post"}],"author":[{"embeddable":true,"href":"https:\/\/www.friedensplattform.at\/index.php?rest_route=\/wp\/v2\/users\/1"}],"replies":[{"embeddable":true,"href":"https:\/\/www.friedensplattform.at\/index.php?rest_route=%2Fwp%2Fv2%2Fcomments&post=1501"}],"version-history":[{"count":0,"href":"https:\/\/www.friedensplattform.at\/index.php?rest_route=\/wp\/v2\/posts\/1501\/revisions"}],"wp:attachment":[{"href":"https:\/\/www.friedensplattform.at\/index.php?rest_route=%2Fwp%2Fv2%2Fmedia&parent=1501"}],"wp:term":[{"taxonomy":"category","embeddable":true,"href":"https:\/\/www.friedensplattform.at\/index.php?rest_route=%2Fwp%2Fv2%2Fcategories&post=1501"},{"taxonomy":"post_tag","embeddable":true,"href":"https:\/\/www.friedensplattform.at\/index.php?rest_route=%2Fwp%2Fv2%2Ftags&post=1501"}],"curies":[{"name":"wp","href":"https:\/\/api.w.org\/{rel}","templated":true}]}}