{"id":1514,"date":"2011-01-24T21:49:12","date_gmt":"2011-01-24T19:49:12","guid":{"rendered":"http:\/\/www.luxorbis.org\/friedensplattform.at\/?p=1514"},"modified":"2011-01-24T21:49:12","modified_gmt":"2011-01-24T19:49:12","slug":"derstandard-palaestinenserchef-im-kreuzfeuer-der-kritik","status":"publish","type":"post","link":"https:\/\/www.friedensplattform.at\/?p=1514","title":{"rendered":"derStandard: Pal&#228;stinenserchef im Kreuzfeuer der Kritik"},"content":{"rendered":"<p><strong>Hamas-Sprecher: &#8222;Der Friedensprozess ist tot&#8220;<\/strong><\/p>\n<p>Nach der Enth\u00fcllung brisanter Verhandlungsdetails aus dem Nahost-Friedensprozess steht die pal\u00e4stinensische F\u00fchrung nun massiv unter Druck. Dass die stets vertretene harte Linie allm\u00e4hlich verw\u00e4ssert worden ist und die pal\u00e4stinensische F\u00fchrung zu Kompromissen bereit gewesen sein soll, sorgt in der arabischen Welt vermehrt f\u00fcr Aufsehen.<\/p>\n<p><a title=\"der Standard\" href=\"http:\/\/derstandard.at\/1295570643935\/Nach-Nahost-Enthuellungen-Palaestinenserchef-im-Kreuzfeuer-der-Kritik\" target=\"_blank\">Weiterlesen im Standard<\/a><\/p>\n","protected":false},"excerpt":{"rendered":"<p>Hamas-Sprecher: &#8222;Der Friedensprozess ist tot&#8220; Nach der Enth\u00fcllung brisanter Verhandlungsdetails aus dem Nahost-Friedensprozess steht die pal\u00e4stinensische F\u00fchrung nun massiv unter Druck. Dass die stets vertretene harte Linie allm\u00e4hlich verw\u00e4ssert worden ist und die pal\u00e4stinensische F\u00fchrung zu Kompromissen bereit gewesen sein soll, sorgt in der arabischen Welt vermehrt f\u00fcr Aufsehen. Weiterlesen im Standard<\/p>\n","protected":false},"author":1,"featured_media":0,"comment_status":"open","ping_status":"open","sticky":false,"template":"","format":"standard","meta":{"footnotes":""},"categories":[5],"tags":[],"class_list":["post-1514","post","type-post","status-publish","format-standard","hentry","category-arabischer-raum"],"_links":{"self":[{"href":"https:\/\/www.friedensplattform.at\/index.php?rest_route=\/wp\/v2\/posts\/1514","targetHints":{"allow":["GET"]}}],"collection":[{"href":"https:\/\/www.friedensplattform.at\/index.php?rest_route=\/wp\/v2\/posts"}],"about":[{"href":"https:\/\/www.friedensplattform.at\/index.php?rest_route=\/wp\/v2\/types\/post"}],"author":[{"embeddable":true,"href":"https:\/\/www.friedensplattform.at\/index.php?rest_route=\/wp\/v2\/users\/1"}],"replies":[{"embeddable":true,"href":"https:\/\/www.friedensplattform.at\/index.php?rest_route=%2Fwp%2Fv2%2Fcomments&post=1514"}],"version-history":[{"count":0,"href":"https:\/\/www.friedensplattform.at\/index.php?rest_route=\/wp\/v2\/posts\/1514\/revisions"}],"wp:attachment":[{"href":"https:\/\/www.friedensplattform.at\/index.php?rest_route=%2Fwp%2Fv2%2Fmedia&parent=1514"}],"wp:term":[{"taxonomy":"category","embeddable":true,"href":"https:\/\/www.friedensplattform.at\/index.php?rest_route=%2Fwp%2Fv2%2Fcategories&post=1514"},{"taxonomy":"post_tag","embeddable":true,"href":"https:\/\/www.friedensplattform.at\/index.php?rest_route=%2Fwp%2Fv2%2Ftags&post=1514"}],"curies":[{"name":"wp","href":"https:\/\/api.w.org\/{rel}","templated":true}]}}