{"id":1516,"date":"2011-01-26T09:31:36","date_gmt":"2011-01-26T07:31:36","guid":{"rendered":"http:\/\/www.luxorbis.org\/friedensplattform.at\/?p=1516"},"modified":"2011-01-26T09:31:36","modified_gmt":"2011-01-26T07:31:36","slug":"orf-at-berichtet-israel-befuerchtet-diplomatische-niederlage-in-europa","status":"publish","type":"post","link":"https:\/\/www.friedensplattform.at\/?p=1516","title":{"rendered":"orf.at berichtet: Israel bef&#252;rchtet diplomatische Niederlage in Europa"},"content":{"rendered":"<p>In Israel w\u00e4chst die Sorge, dass demn\u00e4chst auch europ\u00e4ische Staaten  einen unabh\u00e4ngigen Pal\u00e4stinenserstaat diplomatisch anerkennen k\u00f6nnten.  Neun Staaten haben bisher einseitig \u201ePal\u00e4stina\u201c anerkannt oder das  angek\u00fcndigt und folgten damit einer diplomatischen Initiative der  Pal\u00e4stinensischen Autonomiebeh\u00f6rde, den Druck auf Israel in den seit  Monaten abgebrochenen Friedensverhandlungen zu erh\u00f6hen.<\/p>\n<p><a title=\"orf.at\" href=\"http:\/\/orf.at\/stories\/2038408\/\" target=\"_blank\">Weiterlesen im ORF<\/a><\/p>\n","protected":false},"excerpt":{"rendered":"<p>In Israel w\u00e4chst die Sorge, dass demn\u00e4chst auch europ\u00e4ische Staaten einen unabh\u00e4ngigen Pal\u00e4stinenserstaat diplomatisch anerkennen k\u00f6nnten. Neun Staaten haben bisher einseitig \u201ePal\u00e4stina\u201c anerkannt oder das angek\u00fcndigt und folgten damit einer diplomatischen Initiative der Pal\u00e4stinensischen Autonomiebeh\u00f6rde, den Druck auf Israel in den seit Monaten abgebrochenen Friedensverhandlungen zu erh\u00f6hen. Weiterlesen im ORF<\/p>\n","protected":false},"author":1,"featured_media":0,"comment_status":"open","ping_status":"open","sticky":false,"template":"","format":"standard","meta":{"footnotes":""},"categories":[5],"tags":[],"class_list":["post-1516","post","type-post","status-publish","format-standard","hentry","category-arabischer-raum"],"_links":{"self":[{"href":"https:\/\/www.friedensplattform.at\/index.php?rest_route=\/wp\/v2\/posts\/1516","targetHints":{"allow":["GET"]}}],"collection":[{"href":"https:\/\/www.friedensplattform.at\/index.php?rest_route=\/wp\/v2\/posts"}],"about":[{"href":"https:\/\/www.friedensplattform.at\/index.php?rest_route=\/wp\/v2\/types\/post"}],"author":[{"embeddable":true,"href":"https:\/\/www.friedensplattform.at\/index.php?rest_route=\/wp\/v2\/users\/1"}],"replies":[{"embeddable":true,"href":"https:\/\/www.friedensplattform.at\/index.php?rest_route=%2Fwp%2Fv2%2Fcomments&post=1516"}],"version-history":[{"count":0,"href":"https:\/\/www.friedensplattform.at\/index.php?rest_route=\/wp\/v2\/posts\/1516\/revisions"}],"wp:attachment":[{"href":"https:\/\/www.friedensplattform.at\/index.php?rest_route=%2Fwp%2Fv2%2Fmedia&parent=1516"}],"wp:term":[{"taxonomy":"category","embeddable":true,"href":"https:\/\/www.friedensplattform.at\/index.php?rest_route=%2Fwp%2Fv2%2Fcategories&post=1516"},{"taxonomy":"post_tag","embeddable":true,"href":"https:\/\/www.friedensplattform.at\/index.php?rest_route=%2Fwp%2Fv2%2Ftags&post=1516"}],"curies":[{"name":"wp","href":"https:\/\/api.w.org\/{rel}","templated":true}]}}