{"id":1518,"date":"2011-01-30T18:07:39","date_gmt":"2011-01-30T16:07:39","guid":{"rendered":"http:\/\/www.luxorbis.org\/friedensplattform.at\/?p=1518"},"modified":"2011-01-30T18:07:39","modified_gmt":"2011-01-30T16:07:39","slug":"battlegroups-fuer-manche-kein-thema","status":"publish","type":"post","link":"https:\/\/www.friedensplattform.at\/?p=1518","title":{"rendered":"Battlegroups: F&#252;r manche kein Thema"},"content":{"rendered":"<p><em>Andreas Fabisch kritisiert Haltung der Grazer Gr\u00fcnen<\/em><\/p>\n<p>\u201eEs war von vornherein klar, dass \u00d6VP, SP\u00d6 und FP meinen Antrag f\u00fcr den Ausstieg aus der neutralit\u00e4tswidrigen Beteiligung \u00d6sterreichs an den Schlachtgruppen der EU ablehnen w\u00fcrden.<\/p>\n<p>Mehr als verwundert, um nicht zu sagen entsetzt bin ich dar\u00fcber, dass sich auch die Grazer Gr\u00fcnen dagegen ausgesprochen haben\u201c.<br \/>\nDas sagte KP\u00d6-Gemeinderat Mag. Andreas Fabisch nach der Abstimmung \u00fcber den Dringlichkeitsantrag der KP\u00d6. Fabisch: \u201e.Damit wollen sich die Grazer Gr\u00fcnen um die harten Fakten des EU-Aufr\u00fcstungskurses herumschwindeln.\u201c<\/p>\n<p><a title=\"KP\u00d6 Graz\" href=\"http:\/\/www.kpoe-graz.at\/index.php?id=4,6007,0,0,1,0\" target=\"_blank\">Weiterlesen auf den Seiten der KP\u00d6<\/a><\/p>\n<p><strong><em>Wir haben eine Stellungnahme \u00fcber das Abstimmungsverhalten bei den Gr\u00fcnen Gemeinder\u00e4tInnen (f\u00fcnf der Acht Gemeinder\u00e4tInnen haben f\u00fcr den Antrag der KP\u00d6 gestimmt, zwei dagegen, ein Mitglied war nicht anwesend) angefragt, sobald wir eine Antwort erhalten werden wir diese auf der Homepage ver\u00f6ffentlichen.<\/em><\/strong><\/p>\n<p>Hinweis auf einen Artikel zur Thematik der Battlegroups:<\/p>\n<p><strong><a href=\"http:\/\/www.linkewoche.at\/?p=133\" target=\"_blank\">Teilnahme an den EU-Battlegroups?! \u201cNicht in unserem Namen!\u201d der Solidar-Werkstatt<\/a><br \/>\n<\/strong><\/p>\n<p><strong><em><br \/>\n<\/em><\/strong><\/p>\n","protected":false},"excerpt":{"rendered":"<p>Andreas Fabisch kritisiert Haltung der Grazer Gr\u00fcnen \u201eEs war von vornherein klar, dass \u00d6VP, SP\u00d6 und FP meinen Antrag f\u00fcr den Ausstieg aus der neutralit\u00e4tswidrigen Beteiligung \u00d6sterreichs an den Schlachtgruppen der EU ablehnen w\u00fcrden. Mehr als verwundert, um nicht zu sagen entsetzt bin ich dar\u00fcber, dass sich auch die Grazer Gr\u00fcnen dagegen ausgesprochen haben\u201c. Das &hellip; <a href=\"https:\/\/www.friedensplattform.at\/?p=1518\" class=\"more-link\"><span class=\"screen-reader-text\">Battlegroups: F&#252;r manche kein Thema<\/span> weiterlesen <span class=\"meta-nav\">&rarr;<\/span><\/a><\/p>\n","protected":false},"author":1,"featured_media":0,"comment_status":"open","ping_status":"open","sticky":false,"template":"","format":"standard","meta":{"footnotes":""},"categories":[1],"tags":[],"class_list":["post-1518","post","type-post","status-publish","format-standard","hentry","category-allgemein"],"_links":{"self":[{"href":"https:\/\/www.friedensplattform.at\/index.php?rest_route=\/wp\/v2\/posts\/1518","targetHints":{"allow":["GET"]}}],"collection":[{"href":"https:\/\/www.friedensplattform.at\/index.php?rest_route=\/wp\/v2\/posts"}],"about":[{"href":"https:\/\/www.friedensplattform.at\/index.php?rest_route=\/wp\/v2\/types\/post"}],"author":[{"embeddable":true,"href":"https:\/\/www.friedensplattform.at\/index.php?rest_route=\/wp\/v2\/users\/1"}],"replies":[{"embeddable":true,"href":"https:\/\/www.friedensplattform.at\/index.php?rest_route=%2Fwp%2Fv2%2Fcomments&post=1518"}],"version-history":[{"count":0,"href":"https:\/\/www.friedensplattform.at\/index.php?rest_route=\/wp\/v2\/posts\/1518\/revisions"}],"wp:attachment":[{"href":"https:\/\/www.friedensplattform.at\/index.php?rest_route=%2Fwp%2Fv2%2Fmedia&parent=1518"}],"wp:term":[{"taxonomy":"category","embeddable":true,"href":"https:\/\/www.friedensplattform.at\/index.php?rest_route=%2Fwp%2Fv2%2Fcategories&post=1518"},{"taxonomy":"post_tag","embeddable":true,"href":"https:\/\/www.friedensplattform.at\/index.php?rest_route=%2Fwp%2Fv2%2Ftags&post=1518"}],"curies":[{"name":"wp","href":"https:\/\/api.w.org\/{rel}","templated":true}]}}