{"id":1523,"date":"2011-02-06T11:06:25","date_gmt":"2011-02-06T09:06:25","guid":{"rendered":"http:\/\/www.luxorbis.org\/friedensplattform.at\/?p=1523"},"modified":"2011-02-06T11:06:25","modified_gmt":"2011-02-06T09:06:25","slug":"battlegroups-stellungnahme-grazer-gruene","status":"publish","type":"post","link":"https:\/\/www.friedensplattform.at\/?p=1523","title":{"rendered":"Battlegroups: Stellungnahme Grazer Gr&#252;ne"},"content":{"rendered":"<p><em><strong>Korrektur des Artikels vom 30.01.2011: Tats\u00e4chlich haben f\u00fcnf Gr\u00fcne GR F\u00dcR den Antrag und nur zwei dagegen gestimmt. Ein weiteres Mitglied der Gr\u00fcnen Fraktion war nicht anwesend.<\/strong><\/em><\/p>\n<p>STELLUNGNAHME<\/p>\n<p>Das Ziel bleibt der globale Friede, die Wege dorthin sind offensichtlich umstritten. Den im Antrag der KP in der GR-Sitzung vom 20. J\u00e4nner skizzierten Weg halte ich nicht f\u00fcr zielf\u00fchrend, deshalb habe ich mich auch gegen den Antrag ausgesprochen.<\/p>\n<p>Die globale Sicherheitslage erfordert leider nach wie vor, dass gerade Demokratien bewaffnete Kr\u00e4fte als letztes Mittel vorerst noch bereithalten. Ein Genozid wie in zB Ruanda muss verhinderbar sein. M\u00f6rderische Warlords und Diktatoren m\u00fcssen wissen, dass sie besiegt und vor Gerichte gebracht werden k\u00f6nnen.<\/p>\n<p>Sicherheitsfragen nur mehr auf Nationalstaatsebene zu diskutieren ist v\u00f6llig sinnlos, eine gemeinsame europ\u00e4ische Au\u00dfen- und Sicherheitspolitik grunds\u00e4tzlich richtig. \u00d6sterreich muss hier solidarisch sein, eine Vogel-Strauss-Politik hilft niemandem. Die Kontrolle \u00fcber bewaffnete Kr\u00e4fte auf eine gemeinsame europ\u00e4ische Ebene zu bringen ist ein gro\u00dfer Fortschritt. Die \u00f6ffentliche und zivilgesellschaftliche Aufmerksamkeit ist in der Gemeinschaft h\u00f6her als in L\u00e4ndern mit interventionistischen Traditionen wie Gro\u00dfbritannien, Frankreich \u2013 und leider auch in den letzten Jahren wieder Deutschland \u2013, die Gefahr illegitimer Eins\u00e4tze wird durch die zunehmende Vergemeinschaftung schwinden.<\/p>\n<p>Zum Gl\u00fcck gibt es in Europa eine funktionierende gewaltkritische Zivilgesellschaft. Unsere Anstrengungen sollten wir dahin lenken, so eine Zivilgesellschaft auch in anderen Weltregionen zu unterst\u00fctzen. Nur so werden wir globalen Frieden erreichen.<\/p>\n<p>mit freundlichen Gr\u00fc\u00dfen<\/p>\n<p>stfn<\/p>\n","protected":false},"excerpt":{"rendered":"<p>Korrektur des Artikels vom 30.01.2011: Tats\u00e4chlich haben f\u00fcnf Gr\u00fcne GR F\u00dcR den Antrag und nur zwei dagegen gestimmt. Ein weiteres Mitglied der Gr\u00fcnen Fraktion war nicht anwesend. STELLUNGNAHME Das Ziel bleibt der globale Friede, die Wege dorthin sind offensichtlich umstritten. Den im Antrag der KP in der GR-Sitzung vom 20. J\u00e4nner skizzierten Weg halte ich &hellip; <a href=\"https:\/\/www.friedensplattform.at\/?p=1523\" class=\"more-link\"><span class=\"screen-reader-text\">Battlegroups: Stellungnahme Grazer Gr&#252;ne<\/span> weiterlesen <span class=\"meta-nav\">&rarr;<\/span><\/a><\/p>\n","protected":false},"author":1,"featured_media":0,"comment_status":"open","ping_status":"open","sticky":false,"template":"","format":"standard","meta":{"footnotes":""},"categories":[1],"tags":[],"class_list":["post-1523","post","type-post","status-publish","format-standard","hentry","category-allgemein"],"_links":{"self":[{"href":"https:\/\/www.friedensplattform.at\/index.php?rest_route=\/wp\/v2\/posts\/1523","targetHints":{"allow":["GET"]}}],"collection":[{"href":"https:\/\/www.friedensplattform.at\/index.php?rest_route=\/wp\/v2\/posts"}],"about":[{"href":"https:\/\/www.friedensplattform.at\/index.php?rest_route=\/wp\/v2\/types\/post"}],"author":[{"embeddable":true,"href":"https:\/\/www.friedensplattform.at\/index.php?rest_route=\/wp\/v2\/users\/1"}],"replies":[{"embeddable":true,"href":"https:\/\/www.friedensplattform.at\/index.php?rest_route=%2Fwp%2Fv2%2Fcomments&post=1523"}],"version-history":[{"count":0,"href":"https:\/\/www.friedensplattform.at\/index.php?rest_route=\/wp\/v2\/posts\/1523\/revisions"}],"wp:attachment":[{"href":"https:\/\/www.friedensplattform.at\/index.php?rest_route=%2Fwp%2Fv2%2Fmedia&parent=1523"}],"wp:term":[{"taxonomy":"category","embeddable":true,"href":"https:\/\/www.friedensplattform.at\/index.php?rest_route=%2Fwp%2Fv2%2Fcategories&post=1523"},{"taxonomy":"post_tag","embeddable":true,"href":"https:\/\/www.friedensplattform.at\/index.php?rest_route=%2Fwp%2Fv2%2Ftags&post=1523"}],"curies":[{"name":"wp","href":"https:\/\/api.w.org\/{rel}","templated":true}]}}