{"id":1529,"date":"2011-03-01T23:41:26","date_gmt":"2011-03-01T21:41:26","guid":{"rendered":"http:\/\/www.luxorbis.org\/friedensplattform.at\/?p=1529"},"modified":"2011-03-01T23:41:26","modified_gmt":"2011-03-01T21:41:26","slug":"euratom-volksbegehren","status":"publish","type":"post","link":"https:\/\/www.friedensplattform.at\/?p=1529","title":{"rendered":"EURATOM-Volksbegehren"},"content":{"rendered":"<p><em>Hinweis auf das EURATOM-Volksbegehren:<\/em><\/p>\n<p>Vom <strong>28.  Feber bis 7. M\u00e4rz liegt das EURATOM-Volksbegehren<\/strong> auf allen Gemeinde\u00e4mtern und Magistraten \u00f6sterreichweit zum  Unterschreiben auf!<\/p>\n<p><strong>Hier geht es zur \u00dcbersicht der Eintragungslokale und zu den  Eintragungszeiten w\u00e4hrend des EURATOM-Volksbegehrens: <\/strong><\/p>\n<p><a href=\"http:\/\/www.bmi.gv.at\/cms\/BMI_wahlen\/volksbegehren\/vb_xx_periode\/euratom\/start.aspx\" target=\"_blank\">http:\/\/www.bmi.gv.at\/cms\/BMI_wahlen\/volksbegehren\/vb_xx_periode\/euratom\/start.aspx<\/a><\/p>\n<p>Ziel des Volksbegehrens ist, eine <strong>verbindliche Volksabstimmung zum Ausstieg  \u00d6sterreichs aus dem EURATOM-Vertrag zu  erreichen.<\/strong><\/p>\n<p><!--more--><\/p>\n<p>\u00d6sterreich ist zahlendes Mitglied bei EURATOM und wir alle st\u00fctzen mit  unseren Steuergeldern die europ\u00e4ische Atomwirtschaft. \u201e<strong>Wieviel zahlt \u00d6sterreich eigentlich an  EURATOM?<\/strong>\u201c, werden wir oft gefragt. Wir wissen es nicht und <span style=\"text-decoration: underline;\">die  Bundesregierung wei\u00df es auch nicht<\/span>:  11 (!) parlamentarische Anfragen gab es  seit dem Jahr 2007 und die  Antwort ist immer die gleiche: EURATOM hat kein  eigenes Budget. Stimmt:  Seit dem Jahr 1968 zahlen die Mitgliedstaaten der EU  einen aus dem  jeweiligen nationalen Brutto-Inlandsprodukt errechneten Betrag an  die  EU, ein Teil davon geht an EURATOM. Und keiner kann sagen, wieviel das exakt  ist. <strong>Oder will es keiner mehr sagen?<\/strong> Denn im Jahr 2004 konnte der damalige Bundeskanzler Sch\u00fcssel in einer   Anfragebeantwortung an Ulli Sima die \u00f6sterreichischen Zahlungen an die   europ\u00e4ische Atomwirtschaft mit 40 Millionen Euro j\u00e4hrlich beziffern.  Das  Forschungsbudget f\u00fcr EURATOM wurde seit damals jedenfalls  verdreifacht, soviel  steht fest &#8230; mit Zustimmung von \u00d6sterreich.<\/p>\n<p><strong> <\/strong><\/p>\n<p><strong>Bei  den Erneuerbaren Energien wird gespart<\/strong>,   werden geringe F\u00f6rderungen gew\u00e4hrt \u2013 F\u00f6rderungen, die innerhalb von  Minuten  ausgesch\u00f6pft sind, f\u00fcr Wind- und Photovoltaik gibt es bis 2015  bzw. 2020 keine  F\u00f6rdermittel mehr! F\u00fcr die Atomenergie jedoch sind  scheinbar finanzielle Mittel  ohne Ende vorhanden: Erst im Sommer 2010  hat Umweltminister Berlakovich wieder  einmal \u201emitgeredet bei der  europ\u00e4ischen Atompolitik\u201c \u2013 und \u201eJA\u201c gesagt zu  zus\u00e4tzlichen 1.400  Millionen Euro f\u00fcr den Versuchsreaktor ITER in  Frankreich.<\/p>\n<p>Wir   wollen, dass \u00d6sterreich aus dem EURATOM-Vertrag aussteigt! Die  europ\u00e4ische  Atomwirtschaft soll nicht mit unseren Steuergeldern  gest\u00fctzt  werden!<\/p>\n<p><strong>Jede  Unterschrift z\u00e4hlt! <\/strong><\/p>\n<p><strong>Bitte  nutzt eure M\u00f6glichkeit, NEIN zu Atomenergie zu sagen!<\/strong><\/p>\n<p><span style=\"text-decoration: underline;\">Leitet diese Email auch an eure Freund_innen, Verwandte, Bekannte  weiter!<\/span><\/p>\n<p>Herzlichen Dank und beste Gr\u00fc\u00dfe<\/p>\n<p>Roland Egger<\/p>\n<p>Gabriele Schweiger<\/p>\n<p>\u00d6sterreich sagt NEIN zu Atomenergie &#8211;<br \/>\nDas  unterschreiben wir! \u00a0 EURATOM-Volksbegehren: 28. Feber &#8211; 7. M\u00e4rz  2011<br \/>\n<a href=\"http:\/\/www.euratom-volksbegehren.at\/\">www.euratom-volksbegehren.at<\/a><\/p>\n","protected":false},"excerpt":{"rendered":"<p>Hinweis auf das EURATOM-Volksbegehren: Vom 28. Feber bis 7. M\u00e4rz liegt das EURATOM-Volksbegehren auf allen Gemeinde\u00e4mtern und Magistraten \u00f6sterreichweit zum Unterschreiben auf! Hier geht es zur \u00dcbersicht der Eintragungslokale und zu den Eintragungszeiten w\u00e4hrend des EURATOM-Volksbegehrens: http:\/\/www.bmi.gv.at\/cms\/BMI_wahlen\/volksbegehren\/vb_xx_periode\/euratom\/start.aspx Ziel des Volksbegehrens ist, eine verbindliche Volksabstimmung zum Ausstieg \u00d6sterreichs aus dem EURATOM-Vertrag zu erreichen.<\/p>\n","protected":false},"author":1,"featured_media":0,"comment_status":"open","ping_status":"open","sticky":false,"template":"","format":"standard","meta":{"footnotes":""},"categories":[1],"tags":[],"class_list":["post-1529","post","type-post","status-publish","format-standard","hentry","category-allgemein"],"_links":{"self":[{"href":"https:\/\/www.friedensplattform.at\/index.php?rest_route=\/wp\/v2\/posts\/1529","targetHints":{"allow":["GET"]}}],"collection":[{"href":"https:\/\/www.friedensplattform.at\/index.php?rest_route=\/wp\/v2\/posts"}],"about":[{"href":"https:\/\/www.friedensplattform.at\/index.php?rest_route=\/wp\/v2\/types\/post"}],"author":[{"embeddable":true,"href":"https:\/\/www.friedensplattform.at\/index.php?rest_route=\/wp\/v2\/users\/1"}],"replies":[{"embeddable":true,"href":"https:\/\/www.friedensplattform.at\/index.php?rest_route=%2Fwp%2Fv2%2Fcomments&post=1529"}],"version-history":[{"count":0,"href":"https:\/\/www.friedensplattform.at\/index.php?rest_route=\/wp\/v2\/posts\/1529\/revisions"}],"wp:attachment":[{"href":"https:\/\/www.friedensplattform.at\/index.php?rest_route=%2Fwp%2Fv2%2Fmedia&parent=1529"}],"wp:term":[{"taxonomy":"category","embeddable":true,"href":"https:\/\/www.friedensplattform.at\/index.php?rest_route=%2Fwp%2Fv2%2Fcategories&post=1529"},{"taxonomy":"post_tag","embeddable":true,"href":"https:\/\/www.friedensplattform.at\/index.php?rest_route=%2Fwp%2Fv2%2Ftags&post=1529"}],"curies":[{"name":"wp","href":"https:\/\/api.w.org\/{rel}","templated":true}]}}