{"id":1533,"date":"2011-03-09T21:54:37","date_gmt":"2011-03-09T19:54:37","guid":{"rendered":"http:\/\/www.luxorbis.org\/friedensplattform.at\/?p=1533"},"modified":"2011-03-09T21:54:37","modified_gmt":"2011-03-09T19:54:37","slug":"bundesweites-asf-vorbereitungstreffen-samstag-26-maerz-villach-im-kreml-11-15h","status":"publish","type":"post","link":"https:\/\/www.friedensplattform.at\/?p=1533","title":{"rendered":"Bundesweites ASF &#8211; Vorbereitungstreffen: Samstag, 26. M&#228;rz Villach &quot;Im Kreml&quot; 11-15h"},"content":{"rendered":"<p>Liebe FreundInnen des ASF!<\/p>\n<p>Die n\u00e4chste bundesweite  ASF-Vorbereitungssitzung findet am Samstag den 26. M\u00e4rz in VILLACH statt und zwar<br \/>\n&#8222;IM KREML&#8220; Ludwig Walterstra\u00dfe 29. Wir tagen von 11-15h. F\u00fcr warme  Verpflegung wird gesorgt.    <strong>Einige Tagesordnungspunkte (Vorschlag):<\/strong><\/p>\n<p>&#8211; Bericht  vom WSF in Dakar und der &#8222;Europ\u00e4ischen Versammlung &#8220; in Budapest- Aktionen in  n\u00e4chster Zeit<br \/>\n&#8211; Bericht von der &#8220; Winter School Solidarische \u00d6konomie&#8220;  in Villach 25.-27.2.<br \/>\n&#8211; Einrichtung eines Solidarit\u00e4tsfonds (letzter  Stand)<br \/>\n&#8211; Wann\/ Wo das n\u00e4chste ASF ?<br \/>\n&#8211; Ort und Zeitpunkt der  n\u00e4chsten bundesweiten ASF- Vorbereitungssitzung ( priorit\u00e4r ist LINZ;  ev.\u00a021.Mai)<\/p>\n<p>Mit solidarischen Gr\u00fc\u00dfen<\/p>\n<p>Walther Sch\u00fctz \/ Hermann Dworczak (0676 \/ 972 31 10)<\/p>\n","protected":false},"excerpt":{"rendered":"<p>Liebe FreundInnen des ASF! Die n\u00e4chste bundesweite ASF-Vorbereitungssitzung findet am Samstag den 26. M\u00e4rz in VILLACH statt und zwar &#8222;IM KREML&#8220; Ludwig Walterstra\u00dfe 29. Wir tagen von 11-15h. F\u00fcr warme Verpflegung wird gesorgt. Einige Tagesordnungspunkte (Vorschlag): &#8211; Bericht vom WSF in Dakar und der &#8222;Europ\u00e4ischen Versammlung &#8220; in Budapest- Aktionen in n\u00e4chster Zeit &#8211; Bericht &hellip; <a href=\"https:\/\/www.friedensplattform.at\/?p=1533\" class=\"more-link\"><span class=\"screen-reader-text\">Bundesweites ASF &#8211; Vorbereitungstreffen: Samstag, 26. M&#228;rz Villach &quot;Im Kreml&quot; 11-15h<\/span> weiterlesen <span class=\"meta-nav\">&rarr;<\/span><\/a><\/p>\n","protected":false},"author":1,"featured_media":0,"comment_status":"open","ping_status":"open","sticky":false,"template":"","format":"standard","meta":{"footnotes":""},"categories":[7],"tags":[],"class_list":["post-1533","post","type-post","status-publish","format-standard","hentry","category-asf-bewegung"],"_links":{"self":[{"href":"https:\/\/www.friedensplattform.at\/index.php?rest_route=\/wp\/v2\/posts\/1533","targetHints":{"allow":["GET"]}}],"collection":[{"href":"https:\/\/www.friedensplattform.at\/index.php?rest_route=\/wp\/v2\/posts"}],"about":[{"href":"https:\/\/www.friedensplattform.at\/index.php?rest_route=\/wp\/v2\/types\/post"}],"author":[{"embeddable":true,"href":"https:\/\/www.friedensplattform.at\/index.php?rest_route=\/wp\/v2\/users\/1"}],"replies":[{"embeddable":true,"href":"https:\/\/www.friedensplattform.at\/index.php?rest_route=%2Fwp%2Fv2%2Fcomments&post=1533"}],"version-history":[{"count":0,"href":"https:\/\/www.friedensplattform.at\/index.php?rest_route=\/wp\/v2\/posts\/1533\/revisions"}],"wp:attachment":[{"href":"https:\/\/www.friedensplattform.at\/index.php?rest_route=%2Fwp%2Fv2%2Fmedia&parent=1533"}],"wp:term":[{"taxonomy":"category","embeddable":true,"href":"https:\/\/www.friedensplattform.at\/index.php?rest_route=%2Fwp%2Fv2%2Fcategories&post=1533"},{"taxonomy":"post_tag","embeddable":true,"href":"https:\/\/www.friedensplattform.at\/index.php?rest_route=%2Fwp%2Fv2%2Ftags&post=1533"}],"curies":[{"name":"wp","href":"https:\/\/api.w.org\/{rel}","templated":true}]}}