{"id":1539,"date":"2011-03-16T22:33:30","date_gmt":"2011-03-16T20:33:30","guid":{"rendered":"http:\/\/www.luxorbis.org\/friedensplattform.at\/?p=1539"},"modified":"2011-03-16T22:33:30","modified_gmt":"2011-03-16T20:33:30","slug":"kundgebung-am-sa-19-03-2011-hauptplatz-ecke-sporgasse-1300-1530","status":"publish","type":"post","link":"https:\/\/www.friedensplattform.at\/?p=1539","title":{"rendered":"Kundgebung am Sa. 19.03.2011 Hauptplatz \/ Ecke Sporgasse 13:00 &#8211; 15:30"},"content":{"rendered":"<div>\n<p><strong>Am Samstag 19.03.2011 findet am Hauptplatz \/ Ecke Sporgasse von 13:00 &#8211; 15:30 Uhr eine Kundgebung zu folgenden Themen statt:<\/strong><\/p>\n<p>Ank\u00fcndigung der Demo am 25.03.2011 gegen das Sparbudget; Solidarit\u00e4t  mit den Revolutionsbewegungen in den arabischen L\u00e4ndern (internationaler  Aktionstag des WSF).<br \/>\nVeranstalter:<br \/>\nLinkeStmk und Steirische Friedensplattform<\/p><\/div>\n","protected":false},"excerpt":{"rendered":"<p>Am Samstag 19.03.2011 findet am Hauptplatz \/ Ecke Sporgasse von 13:00 &#8211; 15:30 Uhr eine Kundgebung zu folgenden Themen statt: Ank\u00fcndigung der Demo am 25.03.2011 gegen das Sparbudget; Solidarit\u00e4t mit den Revolutionsbewegungen in den arabischen L\u00e4ndern (internationaler Aktionstag des WSF). Veranstalter: LinkeStmk und Steirische Friedensplattform<\/p>\n","protected":false},"author":1,"featured_media":0,"comment_status":"open","ping_status":"open","sticky":false,"template":"","format":"standard","meta":{"footnotes":""},"categories":[1],"tags":[],"class_list":["post-1539","post","type-post","status-publish","format-standard","hentry","category-allgemein"],"_links":{"self":[{"href":"https:\/\/www.friedensplattform.at\/index.php?rest_route=\/wp\/v2\/posts\/1539","targetHints":{"allow":["GET"]}}],"collection":[{"href":"https:\/\/www.friedensplattform.at\/index.php?rest_route=\/wp\/v2\/posts"}],"about":[{"href":"https:\/\/www.friedensplattform.at\/index.php?rest_route=\/wp\/v2\/types\/post"}],"author":[{"embeddable":true,"href":"https:\/\/www.friedensplattform.at\/index.php?rest_route=\/wp\/v2\/users\/1"}],"replies":[{"embeddable":true,"href":"https:\/\/www.friedensplattform.at\/index.php?rest_route=%2Fwp%2Fv2%2Fcomments&post=1539"}],"version-history":[{"count":0,"href":"https:\/\/www.friedensplattform.at\/index.php?rest_route=\/wp\/v2\/posts\/1539\/revisions"}],"wp:attachment":[{"href":"https:\/\/www.friedensplattform.at\/index.php?rest_route=%2Fwp%2Fv2%2Fmedia&parent=1539"}],"wp:term":[{"taxonomy":"category","embeddable":true,"href":"https:\/\/www.friedensplattform.at\/index.php?rest_route=%2Fwp%2Fv2%2Fcategories&post=1539"},{"taxonomy":"post_tag","embeddable":true,"href":"https:\/\/www.friedensplattform.at\/index.php?rest_route=%2Fwp%2Fv2%2Ftags&post=1539"}],"curies":[{"name":"wp","href":"https:\/\/api.w.org\/{rel}","templated":true}]}}