{"id":1553,"date":"2011-04-20T19:57:36","date_gmt":"2011-04-20T17:57:36","guid":{"rendered":"http:\/\/www.luxorbis.org\/friedensplattform.at\/?p=1553"},"modified":"2011-04-20T19:57:36","modified_gmt":"2011-04-20T17:57:36","slug":"aufruf-der-plattform-25-und-des-oegb-steiermark-zur-demonstration-am-26-4-2011","status":"publish","type":"post","link":"https:\/\/www.friedensplattform.at\/?p=1553","title":{"rendered":"Aufruf der Plattform 25 und des &#214;GB Steiermark zur Demonstration am 26.4.2011"},"content":{"rendered":"<div>\n<h3>Die Plattform 25 ruft gemeinsam mit dem \u00d6GB zu einer <strong>Demonstration in Graz<\/strong> am <strong>Dienstag den 26. April 2011<\/strong> auf, um in der \u00d6ffentlichkeit gegen das Sparpaket der Landesregierung zu protestieren.<\/h3>\n<p>Treffpunkt ist ab 15:30 Uhr am Burgring beim K\u00fcnstlerhaus, der   Demonstrationszug beginnt um 16.30 Uhr. Die Demonstration f\u00fchrt \u00fcber den   Burgring, Opernring, Jakominiplatz und die Herrengasse zum Hauptplatz.<\/p>\n<h3><strong>Es reicht! F\u00fcr alle.<br \/>\nFair teilen statt k\u00fcrzen.<\/strong><\/h3>\n<p><strong><a href=\"http:\/\/www.linkestmk.at\/wp-content\/uploads\/2011\/04\/flyer_demo_26.4.jpg\"><img loading=\"lazy\" decoding=\"async\" title=\"flyer_demo_25.03_front_neu\" src=\"http:\/\/www.linkestmk.at\/wp-content\/uploads\/2011\/04\/flyer_demo_26.4-211x300.jpg\" alt=\"\" width=\"211\" height=\"300\" \/><\/a><br \/>\n<\/strong><\/p>\n<p><strong><br \/>\n<\/strong><\/div>\n","protected":false},"excerpt":{"rendered":"<p>Die Plattform 25 ruft gemeinsam mit dem \u00d6GB zu einer Demonstration in Graz am Dienstag den 26. April 2011 auf, um in der \u00d6ffentlichkeit gegen das Sparpaket der Landesregierung zu protestieren. Treffpunkt ist ab 15:30 Uhr am Burgring beim K\u00fcnstlerhaus, der Demonstrationszug beginnt um 16.30 Uhr. Die Demonstration f\u00fchrt \u00fcber den Burgring, Opernring, Jakominiplatz und &hellip; <a href=\"https:\/\/www.friedensplattform.at\/?p=1553\" class=\"more-link\"><span class=\"screen-reader-text\">Aufruf der Plattform 25 und des &#214;GB Steiermark zur Demonstration am 26.4.2011<\/span> weiterlesen <span class=\"meta-nav\">&rarr;<\/span><\/a><\/p>\n","protected":false},"author":1,"featured_media":0,"comment_status":"open","ping_status":"open","sticky":false,"template":"","format":"standard","meta":{"footnotes":""},"categories":[1],"tags":[],"class_list":["post-1553","post","type-post","status-publish","format-standard","hentry","category-allgemein"],"_links":{"self":[{"href":"https:\/\/www.friedensplattform.at\/index.php?rest_route=\/wp\/v2\/posts\/1553","targetHints":{"allow":["GET"]}}],"collection":[{"href":"https:\/\/www.friedensplattform.at\/index.php?rest_route=\/wp\/v2\/posts"}],"about":[{"href":"https:\/\/www.friedensplattform.at\/index.php?rest_route=\/wp\/v2\/types\/post"}],"author":[{"embeddable":true,"href":"https:\/\/www.friedensplattform.at\/index.php?rest_route=\/wp\/v2\/users\/1"}],"replies":[{"embeddable":true,"href":"https:\/\/www.friedensplattform.at\/index.php?rest_route=%2Fwp%2Fv2%2Fcomments&post=1553"}],"version-history":[{"count":0,"href":"https:\/\/www.friedensplattform.at\/index.php?rest_route=\/wp\/v2\/posts\/1553\/revisions"}],"wp:attachment":[{"href":"https:\/\/www.friedensplattform.at\/index.php?rest_route=%2Fwp%2Fv2%2Fmedia&parent=1553"}],"wp:term":[{"taxonomy":"category","embeddable":true,"href":"https:\/\/www.friedensplattform.at\/index.php?rest_route=%2Fwp%2Fv2%2Fcategories&post=1553"},{"taxonomy":"post_tag","embeddable":true,"href":"https:\/\/www.friedensplattform.at\/index.php?rest_route=%2Fwp%2Fv2%2Ftags&post=1553"}],"curies":[{"name":"wp","href":"https:\/\/api.w.org\/{rel}","templated":true}]}}