{"id":1569,"date":"2011-05-11T20:47:12","date_gmt":"2011-05-11T18:47:12","guid":{"rendered":"http:\/\/www.luxorbis.org\/friedensplattform.at\/?p=1569"},"modified":"2011-05-11T20:47:12","modified_gmt":"2011-05-11T18:47:12","slug":"einladung-nach-graz-zum-vorbereitungstreff-fuer-einen-gesamtoesterreichischen-linke-ratschlag","status":"publish","type":"post","link":"https:\/\/www.friedensplattform.at\/?p=1569","title":{"rendered":"Einladung nach Graz zum Vorbereitungstreff f&#252;r einen gesamt&#246;sterreichischen LINKE Ratschlag"},"content":{"rendered":"<p>Nachdem die Vorbereitung des Ablaufs f\u00fcr den vergangenen LINKE     RATSCHLAG in Wien am Sa. 13. 11. 2010 zu kurzfristig erfolgt war,     m\u00f6chten wir (<a href=\"http:\/\/www.linkestmk.at\/\">www.linkestmk.at<\/a>)     zu einem gesamt\u00f6sterreichischen Vorbereitungstreffen f\u00fcr den     kommenden Linke-Ratschlag &#8211; geplant f\u00fcr Anfang Herbst &#8211; nach Graz     einladen:<br \/>\n<strong><br \/>\nTermin: Sa. 18. Juni 2011<br \/>\nZeit: 14 bis 18 Uhr<br \/>\n<a href=\"http:\/\/www.restauranttester.at\/map.php?productid=6351\">Ort: Gasthof Krebsenkeller ( Nebenraum         links); Sackstr. 12<\/a><\/strong> tel. 82 93 77 0<br \/>\n<!--more--><br \/>\nNeben einer Einsch\u00e4tzung der aktuellen Lage in \u00d6sterreich (Linke)     sollten der Ort; Zeitpunkt und der Ablauf (inhaltlich,     organisatorisch) f\u00fcr den anstehenden Linke-Ratschlag besprochen und     beschlossen werden.<\/p>\n<p>P.S.\u00a0 Da vom 17. bis 19. Juni in Graz ein Symposium zu: <a href=\"http:\/\/www.respekt.net\/projekte-unterstuetzen\/details\/projekt\/212\/\">Neoliberalismus        &#8211; Krisenfolgen &#8211; Machtverh\u00e4ltnisse<\/a> im Forum Stadtpark     stattfindet, werden VertreterInnen verschiedener kritischer Gruppen     aus ganz \u00d6sterreich vertreten sein. Der eine oder andere wird     eventuell am Vorbereitungstreffen f\u00fcr den Linke-Ratschlag so     leichter teilnehmen k\u00f6nnen.<\/p>\n<hr size=\"2\" \/><em>Zusammenfassungen des letzten Treffens am         13.11.2010<\/em><\/p>\n<p><a href=\"http:\/\/peter.fleissner.org\/Transform\/Radschlag.pdf\">Vom Widerstand zur Themenf\u00fchrerschaft         (von Leo Gabriel)<\/a><br \/>\n<strong> <\/strong><\/p>\n<p><strong>Versuch             einer kurzen Zusammenfassung<\/strong> (von Wilfried Hanser-Mantl)<strong>:<\/strong><\/p>\n<p>Am Ratschlag nahmen insgesamt ca. 45           Personen aus unterschiedlichen Zusammenh\u00e4ngen teil. Vertreten           waren Personen aus folgenden Zusammenh\u00e4ngen: ASF, KP\u00d6, Polit.Bildg.i.R., FSG, KIV\/UG, Forum           Soziale Gerechtigkeit, Superlinke, SOAL, ATTAC, Verein f\u00fcr           V\u00f6lkerverst\u00e4ndigung, SP\u00d6-Linke, Gr\u00fcne SeniorInnen,           Steirische Friedensplattform, GLB, Labournet-Austria,           MoAi\u00d6 &#8211; Menschen ohne Arbeit in \u00d6sterr., Revolution, LSR, SLP, ATIGF,           Komintern, Social-ATTACAC           Gesundheit, Aktive Arbeitslose, Plattform f\u00fcr ein humanes           Bleiberecht (Ibk).<\/p>\n<p>Mein Eindruck war, dass die           Versammelten unter dem Eindruck der Krise, des Niedergangs der           Sozialdemokratie, der Stagnation der Gr\u00fcnen und vor allem des           rasanten Aufstiegs der extremen Rechten sowie der           fortgeschrittenen Infizierung der \u00d6VP und SP\u00d6 mit           Islamfeindlichkeit und Rassismus, dringenden Handlungsbedarf           der linken Kr\u00e4fte sahen. Es gab keinerlei           Profilierungsversuche oder Konkurrenzgehabe anwesender           VertreterInnen der diversen Organisationen, vielmehr wurde           eine niveauvolle, engagierte und von gegenseitigem Respekt           sowie Solidarit\u00e4t getragene Diskussion gef\u00fchrt und fast           fieberhaft nach L\u00f6sungsans\u00e4tzen gesucht.<\/p>\n<p>Nach der Begr\u00fc\u00dfung und Einleitung           durch Leo Gabriel wurden drei Kurzreferate zu den Themen           Sparpaket (Wilfried Hanser-Mantl), I Der Islam       als S\u00fcndenbock f\u00fcr die Krise. Wie kann das international       geforderte Bleiberecht f\u00fcr MigrantInnen       in \u00d6sterreich durchgesetzt werden? (Tarafa Baghajati)           sowie \u201eDer Klimawandel und seine sozialen       Folgen: Wie bek\u00e4mpft man ihn? Wo soll sich \u00d6sterreich in der\u00a0 internationalen Debatte positionieren?\u201c (Helga Kromp-Kolb) gehalten, die plenar und in zwei Arbeitsgruppen heiss diskutiert wurden. Die           Ergebnisse wurden im Plenum vorgetragen und diskutiert, wobei           folgende Beschl\u00fcsse gefasst wurden:<\/p>\n<p>\u00d8\u00a0\u00a0\u00a0\u00a0\u00a0 Bildung einer           Koordinationsgruppe, bestehend aus VertreterInnen aus Wien und           den Bundesl\u00e4ndern mit insgesamt ca. 12-15 Personen. Ein Teil           davon wurde sofort nominiert (Graz, Innsbruck), insbesondere           die Wiener VertreterInnen werden in K\u00fcrze bestimmt.<\/p>\n<p>\u00d8\u00a0\u00a0\u00a0\u00a0\u00a0 Die Koordinationsgruppe           \u00fcbernimmt folgende Aufgaben:<\/p>\n<p>o\u00a0\u00a0\u00a0\u00a0\u00a0\u00a0 Erarbeiten eines           Vorschlages, ob und wie ein Volksbegehren f\u00fcr eine           Reichensteuer initiiert werden k\u00f6nnte<\/p>\n<p>o\u00a0\u00a0\u00a0\u00a0\u00a0\u00a0 Einberufung eines kleineren           Zwischenratschlages v.a. auf           Wiener Ebene am 18. Dezember im Anschluss an das           Vorbereitungstreffen des ASF<\/p>\n<p>o\u00a0\u00a0\u00a0\u00a0\u00a0\u00a0 Teilnahme an bzw.           gemeinsame Organisation einer \u201eWiderstandskonferenz\u201c zusammen           mit den StudentInnen von \u201eUni brennt\u201c die voraussichtlich im           J\u00e4nner kommenden Jahres stattfinden wird.<\/p>\n<p>o\u00a0\u00a0\u00a0\u00a0\u00a0\u00a0 Vorbereitung und           Organisation eines 2. gesamt\u00f6sterreichischen Ratschlages im           M\u00e4rz kommenden Jahres<\/p>\n<p>o\u00a0\u00a0\u00a0\u00a0\u00a0\u00a0 Ansprechen weiterer           Organisationen und Personen, um sie zum Mitmachen zu bewegen<\/p>\n","protected":false},"excerpt":{"rendered":"<p>Nachdem die Vorbereitung des Ablaufs f\u00fcr den vergangenen LINKE RATSCHLAG in Wien am Sa. 13. 11. 2010 zu kurzfristig erfolgt war, m\u00f6chten wir (www.linkestmk.at) zu einem gesamt\u00f6sterreichischen Vorbereitungstreffen f\u00fcr den kommenden Linke-Ratschlag &#8211; geplant f\u00fcr Anfang Herbst &#8211; nach Graz einladen: Termin: Sa. 18. Juni 2011 Zeit: 14 bis 18 Uhr Ort: Gasthof Krebsenkeller ( &hellip; <a href=\"https:\/\/www.friedensplattform.at\/?p=1569\" class=\"more-link\"><span class=\"screen-reader-text\">Einladung nach Graz zum Vorbereitungstreff f&#252;r einen gesamt&#246;sterreichischen LINKE Ratschlag<\/span> weiterlesen <span class=\"meta-nav\">&rarr;<\/span><\/a><\/p>\n","protected":false},"author":1,"featured_media":0,"comment_status":"open","ping_status":"open","sticky":false,"template":"","format":"standard","meta":{"footnotes":""},"categories":[1],"tags":[],"class_list":["post-1569","post","type-post","status-publish","format-standard","hentry","category-allgemein"],"_links":{"self":[{"href":"https:\/\/www.friedensplattform.at\/index.php?rest_route=\/wp\/v2\/posts\/1569","targetHints":{"allow":["GET"]}}],"collection":[{"href":"https:\/\/www.friedensplattform.at\/index.php?rest_route=\/wp\/v2\/posts"}],"about":[{"href":"https:\/\/www.friedensplattform.at\/index.php?rest_route=\/wp\/v2\/types\/post"}],"author":[{"embeddable":true,"href":"https:\/\/www.friedensplattform.at\/index.php?rest_route=\/wp\/v2\/users\/1"}],"replies":[{"embeddable":true,"href":"https:\/\/www.friedensplattform.at\/index.php?rest_route=%2Fwp%2Fv2%2Fcomments&post=1569"}],"version-history":[{"count":0,"href":"https:\/\/www.friedensplattform.at\/index.php?rest_route=\/wp\/v2\/posts\/1569\/revisions"}],"wp:attachment":[{"href":"https:\/\/www.friedensplattform.at\/index.php?rest_route=%2Fwp%2Fv2%2Fmedia&parent=1569"}],"wp:term":[{"taxonomy":"category","embeddable":true,"href":"https:\/\/www.friedensplattform.at\/index.php?rest_route=%2Fwp%2Fv2%2Fcategories&post=1569"},{"taxonomy":"post_tag","embeddable":true,"href":"https:\/\/www.friedensplattform.at\/index.php?rest_route=%2Fwp%2Fv2%2Ftags&post=1569"}],"curies":[{"name":"wp","href":"https:\/\/api.w.org\/{rel}","templated":true}]}}