{"id":1571,"date":"2011-05-18T20:38:39","date_gmt":"2011-05-18T18:38:39","guid":{"rendered":"http:\/\/www.luxorbis.org\/friedensplattform.at\/?p=1571"},"modified":"2011-05-18T20:38:39","modified_gmt":"2011-05-18T18:38:39","slug":"graz-29-5-veranstaltung-mit-rajaa-omari-abnaa-elbalad","status":"publish","type":"post","link":"https:\/\/www.friedensplattform.at\/?p=1571","title":{"rendered":"Graz, 29.5.: Veranstaltung mit Rajaa Omari (Abnaa elBalad)"},"content":{"rendered":"<p><strong>Welche Chancen bringt der arabische Fr\u00fchling f\u00fcr das pal\u00e4stinensische Volk? <\/strong><\/p>\n<p>Vortrag und Diskussion mit Rajaa Zoabi Omari, pal\u00e4stinensische Journalistin und B\u00fcrgerrechtsaktivistin der Bewegung Abnaa elBalad.<\/p>\n<p><strong>Sonntag, 29. Mai, 17.00 Uhr Lagergasse 98a, 8020 Graz (Bildungsverein der KP\u00d6-Steiermark) <\/strong><\/p>\n<p>Eintritt frei, mit arabischem Buffet<\/p>\n<p>Hier das Flugblatt zur Veranstaltung:<\/p>\n<p><a href=\"http:\/\/www.luxorbis.org\/friedensplattform.at\/wp-content\/uploads\/2011\/05\/Veranstaltung-Rajaa-Omari-neu.pdf\">Veranstaltung Rajaa Omari neu<\/a><\/p>\n","protected":false},"excerpt":{"rendered":"<p>Welche Chancen bringt der arabische Fr\u00fchling f\u00fcr das pal\u00e4stinensische Volk? Vortrag und Diskussion mit Rajaa Zoabi Omari, pal\u00e4stinensische Journalistin und B\u00fcrgerrechtsaktivistin der Bewegung Abnaa elBalad. Sonntag, 29. Mai, 17.00 Uhr Lagergasse 98a, 8020 Graz (Bildungsverein der KP\u00d6-Steiermark) Eintritt frei, mit arabischem Buffet Hier das Flugblatt zur Veranstaltung: Veranstaltung Rajaa Omari neu<\/p>\n","protected":false},"author":1,"featured_media":0,"comment_status":"open","ping_status":"open","sticky":false,"template":"","format":"standard","meta":{"footnotes":""},"categories":[5],"tags":[],"class_list":["post-1571","post","type-post","status-publish","format-standard","hentry","category-arabischer-raum"],"_links":{"self":[{"href":"https:\/\/www.friedensplattform.at\/index.php?rest_route=\/wp\/v2\/posts\/1571","targetHints":{"allow":["GET"]}}],"collection":[{"href":"https:\/\/www.friedensplattform.at\/index.php?rest_route=\/wp\/v2\/posts"}],"about":[{"href":"https:\/\/www.friedensplattform.at\/index.php?rest_route=\/wp\/v2\/types\/post"}],"author":[{"embeddable":true,"href":"https:\/\/www.friedensplattform.at\/index.php?rest_route=\/wp\/v2\/users\/1"}],"replies":[{"embeddable":true,"href":"https:\/\/www.friedensplattform.at\/index.php?rest_route=%2Fwp%2Fv2%2Fcomments&post=1571"}],"version-history":[{"count":0,"href":"https:\/\/www.friedensplattform.at\/index.php?rest_route=\/wp\/v2\/posts\/1571\/revisions"}],"wp:attachment":[{"href":"https:\/\/www.friedensplattform.at\/index.php?rest_route=%2Fwp%2Fv2%2Fmedia&parent=1571"}],"wp:term":[{"taxonomy":"category","embeddable":true,"href":"https:\/\/www.friedensplattform.at\/index.php?rest_route=%2Fwp%2Fv2%2Fcategories&post=1571"},{"taxonomy":"post_tag","embeddable":true,"href":"https:\/\/www.friedensplattform.at\/index.php?rest_route=%2Fwp%2Fv2%2Ftags&post=1571"}],"curies":[{"name":"wp","href":"https:\/\/api.w.org\/{rel}","templated":true}]}}