{"id":1574,"date":"2011-05-18T20:39:49","date_gmt":"2011-05-18T18:39:49","guid":{"rendered":"http:\/\/www.luxorbis.org\/friedensplattform.at\/?p=1574"},"modified":"2011-05-18T20:39:49","modified_gmt":"2011-05-18T18:39:49","slug":"veranstaltung-mit-rajaa-omari-abnaa-elbalad","status":"publish","type":"post","link":"https:\/\/www.friedensplattform.at\/?p=1574","title":{"rendered":"Veranstaltung mit Rajaa Omari (Abnaa elBalad)"},"content":{"rendered":"<p>Sonntag, 29. Mai, 17.00 Uhr Lagergasse 98a, 8020 Graz (Bildungsverein der KP\u00d6-Steiermark) Eintritt frei, mit arabischem Buffet<\/p>\n<p>Die arabische Welt ist im Aufbruch. Diktaturen werden gest\u00fcrzt, demokratische Rechte erk\u00e4mpft. Der Westen spielt sich in den meisten F\u00e4llen als Freund der fortschrittlichen Bewegungen auf \u2013 ein starkes St\u00fcck, wenn man bedenkt, dass er die gest\u00fcrzten Regime jahrzehntelang unterst\u00fctzt hatte. Doch f\u00fcr die demokratischen Rechte der in Israel lebenden Pal\u00e4stinenserInnen gibt es \u2013 wie schon bisher \u2013 schlicht \u00fcberhaupt keine Unterst\u00fctzung.<br \/>\nGanz im Gegenteil: Die systematische Diskriminierung der 1,2 Millionen Pal\u00e4stinenserInnen innerhalb der Grenzen des israelischen Apartheidstaates wird ebenso unter den Teppich gekehrt wie das v\u00f6lkerrechtlich festgeschriebene Recht der Fl\u00fcchtlinge auf R\u00fcckkehr.<br \/>\nDie Bewegung Abnaa elBalad (T\u00f6chter und S\u00f6hne des Landes) k\u00e4mpft seit 1969 mit den Mitteln des zivilen Widerstandes gegen rassistische Diskriminierung, Siedlerkolonialismus und fortgesetzte ethnische S\u00e4uberung. Ihr Ziel ist ein gemeinsamer demokratischer s\u00e4kularer Staat, der das gleichberechtigte Zusammenleben aller B\u00fcrgerInnen im historischen Pal\u00e4stina erm\u00f6glicht sowie die R\u00fcckkehr der pal\u00e4stinensischen Fl\u00fcchtlinge, wie es den Menschenrechten entspricht. Die Bewegung k\u00e4mpft gemeinsam mit allen j\u00fcdischen demokratischen und progressiven Kr\u00e4ften f\u00fcr eine gerechte Gesellschaft ohne rassistische Trennung.<br \/>\nRajaa Zoabi Omari wird als Vertreterin von Abnaa elBalad \u00fcber die Diskriminierung der Pal\u00e4stinenserInnen sprechen, sowie \u00fcber die Auswirkungen der arabischen Revolutionen auf den Kampf um ein gleichberechtigtes Zusammenleben aller Menschen im historischen Pal\u00e4stina.<\/p>\n","protected":false},"excerpt":{"rendered":"<p>Sonntag, 29. Mai, 17.00 Uhr Lagergasse 98a, 8020 Graz (Bildungsverein der KP\u00d6-Steiermark) Eintritt frei, mit arabischem Buffet Die arabische Welt ist im Aufbruch. Diktaturen werden gest\u00fcrzt, demokratische Rechte erk\u00e4mpft. Der Westen spielt sich in den meisten F\u00e4llen als Freund der fortschrittlichen Bewegungen auf \u2013 ein starkes St\u00fcck, wenn man bedenkt, dass er die gest\u00fcrzten Regime &hellip; <a href=\"https:\/\/www.friedensplattform.at\/?p=1574\" class=\"more-link\"><span class=\"screen-reader-text\">Veranstaltung mit Rajaa Omari (Abnaa elBalad)<\/span> weiterlesen <span class=\"meta-nav\">&rarr;<\/span><\/a><\/p>\n","protected":false},"author":1,"featured_media":0,"comment_status":"open","ping_status":"open","sticky":false,"template":"","format":"standard","meta":{"footnotes":""},"categories":[19],"tags":[],"class_list":["post-1574","post","type-post","status-publish","format-standard","hentry","category-termine"],"_links":{"self":[{"href":"https:\/\/www.friedensplattform.at\/index.php?rest_route=\/wp\/v2\/posts\/1574","targetHints":{"allow":["GET"]}}],"collection":[{"href":"https:\/\/www.friedensplattform.at\/index.php?rest_route=\/wp\/v2\/posts"}],"about":[{"href":"https:\/\/www.friedensplattform.at\/index.php?rest_route=\/wp\/v2\/types\/post"}],"author":[{"embeddable":true,"href":"https:\/\/www.friedensplattform.at\/index.php?rest_route=\/wp\/v2\/users\/1"}],"replies":[{"embeddable":true,"href":"https:\/\/www.friedensplattform.at\/index.php?rest_route=%2Fwp%2Fv2%2Fcomments&post=1574"}],"version-history":[{"count":0,"href":"https:\/\/www.friedensplattform.at\/index.php?rest_route=\/wp\/v2\/posts\/1574\/revisions"}],"wp:attachment":[{"href":"https:\/\/www.friedensplattform.at\/index.php?rest_route=%2Fwp%2Fv2%2Fmedia&parent=1574"}],"wp:term":[{"taxonomy":"category","embeddable":true,"href":"https:\/\/www.friedensplattform.at\/index.php?rest_route=%2Fwp%2Fv2%2Fcategories&post=1574"},{"taxonomy":"post_tag","embeddable":true,"href":"https:\/\/www.friedensplattform.at\/index.php?rest_route=%2Fwp%2Fv2%2Ftags&post=1574"}],"curies":[{"name":"wp","href":"https:\/\/api.w.org\/{rel}","templated":true}]}}