{"id":1577,"date":"2011-06-02T16:32:28","date_gmt":"2011-06-02T14:32:28","guid":{"rendered":"http:\/\/www.luxorbis.org\/friedensplattform.at\/?p=1577"},"modified":"2011-06-02T16:32:28","modified_gmt":"2011-06-02T14:32:28","slug":"aufruf-der-plattform-25-zum-tag-der-einzelnen-haertefaelle-am-10-6-2011-1500-1800-mariahilferplatz-graz","status":"publish","type":"post","link":"https:\/\/www.friedensplattform.at\/?p=1577","title":{"rendered":"Aufruf der Plattform 25 zum Tag der \u201ceinzelnen\u201d H&#228;rtef&#228;lle am 10.6.2011 15:00-18:00 Mariahilferplatz, Graz"},"content":{"rendered":"<div>\n<p><strong><em><em>1. Tag der H\u00e4rtef\u00e4lle:<\/em><\/em><\/strong><\/p>\n<p>Am  27. April hat der steirische Landtag ein Budget beschlossen, das    drastische K\u00fcrzungen im Gesundheits-, Bildungs-, Sozial- und    Kulturressort mit sich bringt und die Lebens- und Arbeitssituation sehr    vieler Steirerinnen und Steirer deutlich verschlechtern wird.<\/p>\n<p><!--more--><\/p>\n<p><span id=\"more-948\"> <\/span><\/p>\n<p>Einige der beschlossenen Ma\u00dfnahmen  umfassen:<\/p>\n<ul>\n<li>Ersatzlose Streichung von      Leistungen und drastische K\u00fcrzungen der      Mittel f\u00fcr Menschen mit Behinderung<\/li>\n<li>Ersatzlose  Streichung von      Leistungen und existenzbedrohende   K\u00fcrzungen der  Mittel in der Kinder- und      Jugendarbeit und   Jugendwohlfahrt<\/li>\n<li>Existenzbedrohende K\u00fcrzungen      bei zahlreichen Sozial- und Kulturinitiativen<\/li>\n<li>Wiedereinf\u00fchrung der      R\u00fcckzahlungspflicht (Regress) f\u00fcr Angeh\u00f6rige bei Pflegekosten<\/li>\n<li>Einf\u00fchrung von      Kindergartengeb\u00fchren<\/li>\n<li>Einf\u00fchrung des Regresses f\u00fcr      Angeh\u00f6rige von Empf\u00e4ngerInnen der Mindestsicherung<\/li>\n<li>Massive Verschlechterung bei      der Mindestsicherung gegen\u00fcber der Sozialhilfe<\/li>\n<li>K\u00fcrzung der Wohnbeihilfe<\/li>\n<\/ul>\n<p>Auch  wenn ein kleiner Teil der Ma\u00dfnahmen wieder zur\u00fcckgenommen   wurde, bleibt  das Doppelbudget f\u00fcr die Jahre 2011 und 2012 ein   gewaltiger  sozialpolitischer R\u00fcckschritt, der die Errungenschaften   mehrerer  Jahrzehnte in Frage stellt und in vielen F\u00e4llen r\u00fcckg\u00e4ngig   macht.<\/p>\n<p>Geld  w\u00e4re aber genug da, wie die Wirtschaftsdaten zeigen. Der   Wohlstand ist  aber immer ungerechter verteilt. Das ist keine blo\u00dfe   Meinung, sondern  eine durch alle einschl\u00e4gigen Statistiken und Studien   wie dem regelm\u00e4\u00dfig  erscheinenden Reichtums- und Armutsbericht  bewiesene  Tatsache.<\/p>\n<p>Landeshauptmann-Stv. Siegfried  Schrittwieser, Landesrat f\u00fcr   Soziales, stellt hartn\u00e4ckig in Abrede, dass  viele Steirerinnen und   Steirer davon negativ betroffen sind. Er spricht  von <em>\u201eeinzelnen H\u00e4rtef\u00e4llen\u201c<\/em>, f\u00fcr die individuelle L\u00f6sungen gefunden werden sollen \u2013 jeder davon k\u00f6nne sich an ihn wenden.<\/p>\n<p>Deshalb veranstaltet die Plattform 25, ein Zusammenschluss von 584 Organisationen und tausenden B\u00fcrgerinnen und B\u00fcrgern, am <strong>10. Juni 2011<\/strong> von <strong>15-18 Uhr<\/strong> einen<\/p>\n<p><strong><em>Tag der \u201eeinzelnen\u201c H\u00e4rtef\u00e4lle<\/em><\/strong><\/p>\n<p>am  Grazer Mariahilferplatz. Ab 15 Uhr werden zahlreiche Betroffene    berichten, wie sich das Landesbudget auf ihr Leben auswirkt. Damit soll    ein Bewusstsein daf\u00fcr geschaffen werden, dass das Budget eben nicht    \u201eeinzelne\u201c H\u00e4rtef\u00e4lle schafft, sondern ein einziger gro\u00dfer H\u00e4rtefall    ist. Nat\u00fcrlich werden auch die verantwortlichen Regierungsmitglieder    eingeladen.<\/p>\n<p><strong><em>Wir rufen alle von den Belastungen  Betroffenen auf, an   der Kundgebung teilzunehmen und der \u00d6ffentlichkeit  ihre Geschichte zu   erz\u00e4hlen. Angeh\u00f6rige und FreundInnen rufen wir auf,  sich mit den   Betroffenen zu solidarisieren und ebenfalls zu kommen.<\/em><\/strong><\/div>\n","protected":false},"excerpt":{"rendered":"<p>1. Tag der H\u00e4rtef\u00e4lle: Am 27. April hat der steirische Landtag ein Budget beschlossen, das drastische K\u00fcrzungen im Gesundheits-, Bildungs-, Sozial- und Kulturressort mit sich bringt und die Lebens- und Arbeitssituation sehr vieler Steirerinnen und Steirer deutlich verschlechtern wird.<\/p>\n","protected":false},"author":1,"featured_media":0,"comment_status":"open","ping_status":"open","sticky":false,"template":"","format":"standard","meta":{"footnotes":""},"categories":[1],"tags":[],"class_list":["post-1577","post","type-post","status-publish","format-standard","hentry","category-allgemein"],"_links":{"self":[{"href":"https:\/\/www.friedensplattform.at\/index.php?rest_route=\/wp\/v2\/posts\/1577","targetHints":{"allow":["GET"]}}],"collection":[{"href":"https:\/\/www.friedensplattform.at\/index.php?rest_route=\/wp\/v2\/posts"}],"about":[{"href":"https:\/\/www.friedensplattform.at\/index.php?rest_route=\/wp\/v2\/types\/post"}],"author":[{"embeddable":true,"href":"https:\/\/www.friedensplattform.at\/index.php?rest_route=\/wp\/v2\/users\/1"}],"replies":[{"embeddable":true,"href":"https:\/\/www.friedensplattform.at\/index.php?rest_route=%2Fwp%2Fv2%2Fcomments&post=1577"}],"version-history":[{"count":0,"href":"https:\/\/www.friedensplattform.at\/index.php?rest_route=\/wp\/v2\/posts\/1577\/revisions"}],"wp:attachment":[{"href":"https:\/\/www.friedensplattform.at\/index.php?rest_route=%2Fwp%2Fv2%2Fmedia&parent=1577"}],"wp:term":[{"taxonomy":"category","embeddable":true,"href":"https:\/\/www.friedensplattform.at\/index.php?rest_route=%2Fwp%2Fv2%2Fcategories&post=1577"},{"taxonomy":"post_tag","embeddable":true,"href":"https:\/\/www.friedensplattform.at\/index.php?rest_route=%2Fwp%2Fv2%2Ftags&post=1577"}],"curies":[{"name":"wp","href":"https:\/\/api.w.org\/{rel}","templated":true}]}}