{"id":1583,"date":"2011-06-13T23:15:19","date_gmt":"2011-06-13T21:15:19","guid":{"rendered":"http:\/\/www.luxorbis.org\/friedensplattform.at\/?p=1583"},"modified":"2011-06-13T23:15:19","modified_gmt":"2011-06-13T21:15:19","slug":"min-dit-kinder-von-diyarbekirfilmvorfuehrung","status":"publish","type":"post","link":"https:\/\/www.friedensplattform.at\/?p=1583","title":{"rendered":"Min Dit- (Kinder von Diyarbekir)Filmvorf&#252;hrung"},"content":{"rendered":"<p><strong>Zeit Mittwoch, 15. Juni \u00b7 18:30 &#8211; 21:30<\/strong><\/p>\n<p><strong>Ort HS 15.11 &#8211;&gt; RESOWI-Zentrum Bauteil B<\/strong><\/p>\n<p>Weitere Informationen<\/p>\n<p>\u00d6H Graz in Kooperation mit dem Netzwerk kurdischer StudentInnen<\/p>\n<p>Die zehnj\u00e4hrige Gulistan und ihr j\u00fcngerer Bruder Firat wachsen in Diyarbakir auf, einer Stadt im Herzen von T\u00fcrkisch-Kurdistan. Ihr Vater ger\u00e4t als regimekritischer Journalist ins Visier der paramilit\u00e4rischen Todesschwadronen. Auf der R\u00fcckfahrt von einer Hochzeit erschie\u00dfen sie den Vater und die Mutter vor den Augen der Kinder. Zun\u00e4chst versucht sich die junge Tante Yekbun um die beiden traumatisierten Kinder und deren kleine Schwester in Babyalter zu k\u00fcmmern. Doch auch sie verschwindet spurlos &#8230;<\/p>\n","protected":false},"excerpt":{"rendered":"<p>Zeit Mittwoch, 15. Juni \u00b7 18:30 &#8211; 21:30 Ort HS 15.11 &#8211;&gt; RESOWI-Zentrum Bauteil B Weitere Informationen \u00d6H Graz in Kooperation mit dem Netzwerk kurdischer StudentInnen Die zehnj\u00e4hrige Gulistan und ihr j\u00fcngerer Bruder Firat wachsen in Diyarbakir auf, einer Stadt im Herzen von T\u00fcrkisch-Kurdistan. Ihr Vater ger\u00e4t als regimekritischer Journalist ins Visier der paramilit\u00e4rischen Todesschwadronen. &hellip; <a href=\"https:\/\/www.friedensplattform.at\/?p=1583\" class=\"more-link\"><span class=\"screen-reader-text\">Min Dit- (Kinder von Diyarbekir)Filmvorf&#252;hrung<\/span> weiterlesen <span class=\"meta-nav\">&rarr;<\/span><\/a><\/p>\n","protected":false},"author":1,"featured_media":0,"comment_status":"open","ping_status":"open","sticky":false,"template":"","format":"standard","meta":{"footnotes":""},"categories":[1],"tags":[],"class_list":["post-1583","post","type-post","status-publish","format-standard","hentry","category-allgemein"],"_links":{"self":[{"href":"https:\/\/www.friedensplattform.at\/index.php?rest_route=\/wp\/v2\/posts\/1583","targetHints":{"allow":["GET"]}}],"collection":[{"href":"https:\/\/www.friedensplattform.at\/index.php?rest_route=\/wp\/v2\/posts"}],"about":[{"href":"https:\/\/www.friedensplattform.at\/index.php?rest_route=\/wp\/v2\/types\/post"}],"author":[{"embeddable":true,"href":"https:\/\/www.friedensplattform.at\/index.php?rest_route=\/wp\/v2\/users\/1"}],"replies":[{"embeddable":true,"href":"https:\/\/www.friedensplattform.at\/index.php?rest_route=%2Fwp%2Fv2%2Fcomments&post=1583"}],"version-history":[{"count":0,"href":"https:\/\/www.friedensplattform.at\/index.php?rest_route=\/wp\/v2\/posts\/1583\/revisions"}],"wp:attachment":[{"href":"https:\/\/www.friedensplattform.at\/index.php?rest_route=%2Fwp%2Fv2%2Fmedia&parent=1583"}],"wp:term":[{"taxonomy":"category","embeddable":true,"href":"https:\/\/www.friedensplattform.at\/index.php?rest_route=%2Fwp%2Fv2%2Fcategories&post=1583"},{"taxonomy":"post_tag","embeddable":true,"href":"https:\/\/www.friedensplattform.at\/index.php?rest_route=%2Fwp%2Fv2%2Ftags&post=1583"}],"curies":[{"name":"wp","href":"https:\/\/api.w.org\/{rel}","templated":true}]}}