{"id":1591,"date":"2011-07-27T20:51:46","date_gmt":"2011-07-27T18:51:46","guid":{"rendered":"http:\/\/www.luxorbis.org\/friedensplattform.at\/?p=1591"},"modified":"2011-07-27T20:51:46","modified_gmt":"2011-07-27T18:51:46","slug":"online-petition-fuer-die-anerkennung-eines-staates-palaestina-durch-die-un","status":"publish","type":"post","link":"https:\/\/www.friedensplattform.at\/?p=1591","title":{"rendered":"Online Petition f&#252;r die Anerkennung eines Staates Pal&#228;stina durch die UN"},"content":{"rendered":"<p>Hier findet ihr eine Unterschriftenaktion der Steirischen Friedensplattform, f\u00fcr die Anerkennung eines Staates Pal\u00e4stina durch die UN!<\/p>\n<p><a title=\"Unterschriftenaktion\" href=\"http:\/\/www.friedensplattform.at\/petition_palaestina\/unterschriftenliste.php\" target=\"_blank\">Hier geht es zur Unterschriftenaktion<\/a><\/p>\n<p>Hinweis auf einen Artikel in der jungen Welt:<\/p>\n<p><img decoding=\"async\" title=\"Weiterlesen...\" src=\"http:\/\/www.linkestmk.at\/wp-includes\/js\/tinymce\/plugins\/wordpress\/img\/trans.gif\" alt=\"\" \/><!--more--><\/p>\n<p><strong>Guter Antrag, aber\u2026<\/strong><\/p>\n<p>Linke f\u00fcr pal\u00e4stinensischen Staat<\/p>\n<address>Von Knut Mellenthin<\/address>\n<p>Die Fraktion der Linken im Bundestag hat am Freitag ihren Antrag zur  Anerkennung und Unterst\u00fctzung eines pal\u00e4stinensischen Staates  eingereicht. Die politische Idee ist lobenswert und stie\u00df  erwartungsgem\u00e4\u00df bei allen anderen Parteien auf Ablehnung.<\/p>\n<p><a title=\"jungeWelt\" href=\"http:\/\/www.jungewelt.de\/2011\/07-05\/031.php\" target=\"_blank\">Weiterlesen in der jungen Welt<\/a><\/p>\n","protected":false},"excerpt":{"rendered":"<p>Hier findet ihr eine Unterschriftenaktion der Steirischen Friedensplattform, f\u00fcr die Anerkennung eines Staates Pal\u00e4stina durch die UN! Hier geht es zur Unterschriftenaktion Hinweis auf einen Artikel in der jungen Welt:<\/p>\n","protected":false},"author":1,"featured_media":0,"comment_status":"open","ping_status":"open","sticky":false,"template":"","format":"standard","meta":{"footnotes":""},"categories":[5],"tags":[],"class_list":["post-1591","post","type-post","status-publish","format-standard","hentry","category-arabischer-raum"],"_links":{"self":[{"href":"https:\/\/www.friedensplattform.at\/index.php?rest_route=\/wp\/v2\/posts\/1591","targetHints":{"allow":["GET"]}}],"collection":[{"href":"https:\/\/www.friedensplattform.at\/index.php?rest_route=\/wp\/v2\/posts"}],"about":[{"href":"https:\/\/www.friedensplattform.at\/index.php?rest_route=\/wp\/v2\/types\/post"}],"author":[{"embeddable":true,"href":"https:\/\/www.friedensplattform.at\/index.php?rest_route=\/wp\/v2\/users\/1"}],"replies":[{"embeddable":true,"href":"https:\/\/www.friedensplattform.at\/index.php?rest_route=%2Fwp%2Fv2%2Fcomments&post=1591"}],"version-history":[{"count":0,"href":"https:\/\/www.friedensplattform.at\/index.php?rest_route=\/wp\/v2\/posts\/1591\/revisions"}],"wp:attachment":[{"href":"https:\/\/www.friedensplattform.at\/index.php?rest_route=%2Fwp%2Fv2%2Fmedia&parent=1591"}],"wp:term":[{"taxonomy":"category","embeddable":true,"href":"https:\/\/www.friedensplattform.at\/index.php?rest_route=%2Fwp%2Fv2%2Fcategories&post=1591"},{"taxonomy":"post_tag","embeddable":true,"href":"https:\/\/www.friedensplattform.at\/index.php?rest_route=%2Fwp%2Fv2%2Ftags&post=1591"}],"curies":[{"name":"wp","href":"https:\/\/api.w.org\/{rel}","templated":true}]}}