{"id":1596,"date":"2011-07-24T22:42:59","date_gmt":"2011-07-24T20:42:59","guid":{"rendered":"http:\/\/www.luxorbis.org\/friedensplattform.at\/?p=1596"},"modified":"2011-07-24T22:42:59","modified_gmt":"2011-07-24T20:42:59","slug":"palaestina-die-juengste-nation-der-welt","status":"publish","type":"post","link":"https:\/\/www.friedensplattform.at\/?p=1596","title":{"rendered":"Pal&#228;stina: die j&#252;ngste Nation der Welt"},"content":{"rendered":"<p><strong>In vier Tagen<\/strong> versammelt sich der UNO-Sicherheitsrat und die Welt  hat die einmalige Gelegenheit, eine neue Initiative anzunehmen, die  eine entscheidende Wende bei den jahrzehntelang gescheiterten  israelisch-pal\u00e4stinensischen Friedensverhandlungen bringen k\u00f6nnte: <strong>Die Anerkennung Pal\u00e4stinas als eigenst\u00e4ndigen Staat durch die UNO<\/strong><\/p>\n<p><strong><a title=\"avaaz.org\" href=\"http:\/\/www.avaaz.org\/de\/independence_for_palestine_9\/96.php\" target=\"_blank\">Weiterlesen auf den Seiten von avaaz.org<\/a><br \/>\n<\/strong><\/p>\n","protected":false},"excerpt":{"rendered":"<p>In vier Tagen versammelt sich der UNO-Sicherheitsrat und die Welt hat die einmalige Gelegenheit, eine neue Initiative anzunehmen, die eine entscheidende Wende bei den jahrzehntelang gescheiterten israelisch-pal\u00e4stinensischen Friedensverhandlungen bringen k\u00f6nnte: Die Anerkennung Pal\u00e4stinas als eigenst\u00e4ndigen Staat durch die UNO Weiterlesen auf den Seiten von avaaz.org<\/p>\n","protected":false},"author":1,"featured_media":0,"comment_status":"open","ping_status":"open","sticky":false,"template":"","format":"standard","meta":{"footnotes":""},"categories":[5],"tags":[],"class_list":["post-1596","post","type-post","status-publish","format-standard","hentry","category-arabischer-raum"],"_links":{"self":[{"href":"https:\/\/www.friedensplattform.at\/index.php?rest_route=\/wp\/v2\/posts\/1596","targetHints":{"allow":["GET"]}}],"collection":[{"href":"https:\/\/www.friedensplattform.at\/index.php?rest_route=\/wp\/v2\/posts"}],"about":[{"href":"https:\/\/www.friedensplattform.at\/index.php?rest_route=\/wp\/v2\/types\/post"}],"author":[{"embeddable":true,"href":"https:\/\/www.friedensplattform.at\/index.php?rest_route=\/wp\/v2\/users\/1"}],"replies":[{"embeddable":true,"href":"https:\/\/www.friedensplattform.at\/index.php?rest_route=%2Fwp%2Fv2%2Fcomments&post=1596"}],"version-history":[{"count":0,"href":"https:\/\/www.friedensplattform.at\/index.php?rest_route=\/wp\/v2\/posts\/1596\/revisions"}],"wp:attachment":[{"href":"https:\/\/www.friedensplattform.at\/index.php?rest_route=%2Fwp%2Fv2%2Fmedia&parent=1596"}],"wp:term":[{"taxonomy":"category","embeddable":true,"href":"https:\/\/www.friedensplattform.at\/index.php?rest_route=%2Fwp%2Fv2%2Fcategories&post=1596"},{"taxonomy":"post_tag","embeddable":true,"href":"https:\/\/www.friedensplattform.at\/index.php?rest_route=%2Fwp%2Fv2%2Ftags&post=1596"}],"curies":[{"name":"wp","href":"https:\/\/api.w.org\/{rel}","templated":true}]}}