{"id":1606,"date":"2011-08-24T20:01:19","date_gmt":"2011-08-24T18:01:19","guid":{"rendered":"http:\/\/www.luxorbis.org\/friedensplattform.at\/?p=1606"},"modified":"2011-08-24T20:01:19","modified_gmt":"2011-08-24T18:01:19","slug":"infotisch-der-steirischen-friedensplattform","status":"publish","type":"post","link":"https:\/\/www.friedensplattform.at\/?p=1606","title":{"rendered":"Infotisch der Steirischen Friedensplattform"},"content":{"rendered":"<p>Am <strong>Freitag, 26.8.2011 von 16-19 Uhr<\/strong> sammeln wir Unterschriften f\u00fcr     die Anerkennung Pal\u00e4stinas als Staat.<br \/>\n<strong>Ort: Eisernes Tor, Graz<\/strong><br \/>\nFlugblattverteilung: <a href=\"..\/wp-content\/uploads\/2011\/08\/20110817_Flugi.pdf\">Hier k\u00f6nnt ihr das Flugblatt herunterladen<\/a><br \/>\n\u00dcber zahlreiche Teilnahme w\u00fcrden wir uns freuen!<\/p>\n<p>Liebe Gr\u00fc\u00dfe<br \/>\nVeronika, Helga, &#8230;..<\/p>\n<p><a href=\"..\/wp-content\/uploads\/2011\/08\/20110817_Flugi.pdf\"><br \/>\n<\/a><\/p>\n","protected":false},"excerpt":{"rendered":"<p>Am Freitag, 26.8.2011 von 16-19 Uhr sammeln wir Unterschriften f\u00fcr die Anerkennung Pal\u00e4stinas als Staat. Ort: Eisernes Tor, Graz Flugblattverteilung: Hier k\u00f6nnt ihr das Flugblatt herunterladen \u00dcber zahlreiche Teilnahme w\u00fcrden wir uns freuen! Liebe Gr\u00fc\u00dfe Veronika, Helga, &#8230;..<\/p>\n","protected":false},"author":1,"featured_media":0,"comment_status":"open","ping_status":"open","sticky":false,"template":"","format":"standard","meta":{"footnotes":""},"categories":[5],"tags":[],"class_list":["post-1606","post","type-post","status-publish","format-standard","hentry","category-arabischer-raum"],"_links":{"self":[{"href":"https:\/\/www.friedensplattform.at\/index.php?rest_route=\/wp\/v2\/posts\/1606","targetHints":{"allow":["GET"]}}],"collection":[{"href":"https:\/\/www.friedensplattform.at\/index.php?rest_route=\/wp\/v2\/posts"}],"about":[{"href":"https:\/\/www.friedensplattform.at\/index.php?rest_route=\/wp\/v2\/types\/post"}],"author":[{"embeddable":true,"href":"https:\/\/www.friedensplattform.at\/index.php?rest_route=\/wp\/v2\/users\/1"}],"replies":[{"embeddable":true,"href":"https:\/\/www.friedensplattform.at\/index.php?rest_route=%2Fwp%2Fv2%2Fcomments&post=1606"}],"version-history":[{"count":0,"href":"https:\/\/www.friedensplattform.at\/index.php?rest_route=\/wp\/v2\/posts\/1606\/revisions"}],"wp:attachment":[{"href":"https:\/\/www.friedensplattform.at\/index.php?rest_route=%2Fwp%2Fv2%2Fmedia&parent=1606"}],"wp:term":[{"taxonomy":"category","embeddable":true,"href":"https:\/\/www.friedensplattform.at\/index.php?rest_route=%2Fwp%2Fv2%2Fcategories&post=1606"},{"taxonomy":"post_tag","embeddable":true,"href":"https:\/\/www.friedensplattform.at\/index.php?rest_route=%2Fwp%2Fv2%2Ftags&post=1606"}],"curies":[{"name":"wp","href":"https:\/\/api.w.org\/{rel}","templated":true}]}}