{"id":1611,"date":"2011-08-29T10:34:31","date_gmt":"2011-08-29T08:34:31","guid":{"rendered":"http:\/\/www.luxorbis.org\/friedensplattform.at\/?p=1611"},"modified":"2011-08-29T10:34:31","modified_gmt":"2011-08-29T08:34:31","slug":"gespraechstermin-mit-nabg-judith-schwentner-2","status":"publish","type":"post","link":"https:\/\/www.friedensplattform.at\/?p=1611","title":{"rendered":"Gespr&#228;chstermin mit Nabg. Judith Schwentner"},"content":{"rendered":"<div>Liebe FreundInnen,<\/div>\n<div>Nabg.  Judith Schwentner vertritt die Gr\u00fcnen h\u00e4ufig  im Au\u00dfenpolitischen  Ausschu\u00df des Nationalrates. Ich hab sie am vergangenenen  Mittwoch  zuf\u00e4llig in der Innenstadt getroffen und mit ihr f\u00fcr kommenden  Montag, den 29. August um 19:00 Uhr im Krebsenkeller einen  Gespr\u00e4chstermin vereinbart.<\/div>\n<div>Thema:  Unsere Petition an BK Faymann und  Au\u00dfenminister Spindelegger  betreffend das Stimmverhalten \u00d6sterreichs bei der f\u00fcr  20. September in  der UN Generalversammlung geplanten Abstimmung\u00a0\u00fcber eine   v\u00f6lkerrechtliche Anerkennung\u00a0eines Staates Pal\u00e4stina in den Grenzen vor  dem  6-Tage-Krieg 1967 (siehe unter <a href=\"http:\/\/www.friedemsplattform,at\/\">www.friedemsplattform,at<\/a>).<\/div>\n<div><\/div>\n<p>MfG, Franz S\u00f6lkner<\/p>\n","protected":false},"excerpt":{"rendered":"<p>Liebe FreundInnen, Nabg. Judith Schwentner vertritt die Gr\u00fcnen h\u00e4ufig im Au\u00dfenpolitischen Ausschu\u00df des Nationalrates. Ich hab sie am vergangenenen Mittwoch zuf\u00e4llig in der Innenstadt getroffen und mit ihr f\u00fcr kommenden Montag, den 29. August um 19:00 Uhr im Krebsenkeller einen Gespr\u00e4chstermin vereinbart. Thema: Unsere Petition an BK Faymann und Au\u00dfenminister Spindelegger betreffend das Stimmverhalten \u00d6sterreichs &hellip; <a href=\"https:\/\/www.friedensplattform.at\/?p=1611\" class=\"more-link\"><span class=\"screen-reader-text\">Gespr&#228;chstermin mit Nabg. Judith Schwentner<\/span> weiterlesen <span class=\"meta-nav\">&rarr;<\/span><\/a><\/p>\n","protected":false},"author":1,"featured_media":0,"comment_status":"open","ping_status":"open","sticky":false,"template":"","format":"standard","meta":{"footnotes":""},"categories":[19],"tags":[],"class_list":["post-1611","post","type-post","status-publish","format-standard","hentry","category-termine"],"_links":{"self":[{"href":"https:\/\/www.friedensplattform.at\/index.php?rest_route=\/wp\/v2\/posts\/1611","targetHints":{"allow":["GET"]}}],"collection":[{"href":"https:\/\/www.friedensplattform.at\/index.php?rest_route=\/wp\/v2\/posts"}],"about":[{"href":"https:\/\/www.friedensplattform.at\/index.php?rest_route=\/wp\/v2\/types\/post"}],"author":[{"embeddable":true,"href":"https:\/\/www.friedensplattform.at\/index.php?rest_route=\/wp\/v2\/users\/1"}],"replies":[{"embeddable":true,"href":"https:\/\/www.friedensplattform.at\/index.php?rest_route=%2Fwp%2Fv2%2Fcomments&post=1611"}],"version-history":[{"count":0,"href":"https:\/\/www.friedensplattform.at\/index.php?rest_route=\/wp\/v2\/posts\/1611\/revisions"}],"wp:attachment":[{"href":"https:\/\/www.friedensplattform.at\/index.php?rest_route=%2Fwp%2Fv2%2Fmedia&parent=1611"}],"wp:term":[{"taxonomy":"category","embeddable":true,"href":"https:\/\/www.friedensplattform.at\/index.php?rest_route=%2Fwp%2Fv2%2Fcategories&post=1611"},{"taxonomy":"post_tag","embeddable":true,"href":"https:\/\/www.friedensplattform.at\/index.php?rest_route=%2Fwp%2Fv2%2Ftags&post=1611"}],"curies":[{"name":"wp","href":"https:\/\/api.w.org\/{rel}","templated":true}]}}