{"id":1635,"date":"2011-11-29T22:34:27","date_gmt":"2011-11-29T20:34:27","guid":{"rendered":"http:\/\/www.luxorbis.org\/friedensplattform.at\/?p=1635"},"modified":"2011-11-29T22:34:27","modified_gmt":"2011-11-29T20:34:27","slug":"solidaritaetsreise-nach-palaestina-weihnachten-2011-in-bethlehem","status":"publish","type":"post","link":"https:\/\/www.friedensplattform.at\/?p=1635","title":{"rendered":"Solidarit&#228;tsreise nach Pal&#228;stina &quot;Weihnachten 2011 in Bethlehem&quot;"},"content":{"rendered":"<p style=\"margin-bottom: 0cm;\"><span lang=\"de-DE\"><strong>Solidarit\u00e4tsreise nach Pal\u00e4stina &#8222;Weihnachten<\/strong><\/span><span lang=\"de-DE\"><strong> 2011 in Bethlehem&#8220;<\/strong><\/span><\/p>\n<p style=\"margin-bottom: 0cm\"><span lang=\"de-DE\"><strong>Vorl\u00e4ufiges <\/strong><\/span><span lang=\"de-DE\"><strong>Reiseprogramm:<\/strong><\/span><\/p>\n<p style=\"margin-bottom: 0cm\" lang=\"de-DE\"><!--more--><\/p>\n<p style=\"margin-bottom: 0cm\"><span lang=\"de-DE\"><strong>23.12.2011 Abflug Wien Schwechat &#8211;   10:25 Ankunft Tel Aviv  14:55<\/strong><\/span><\/p>\n<p style=\"margin-bottom: 0cm\" lang=\"de-DE\">\n<p style=\"margin-bottom: 0cm\" lang=\"de-DE\"><strong>24.12.  &#8211; 10 Uhr Zusammenkunft am Friedensplatz in Bethlehem<\/strong><\/p>\n<p style=\"margin-bottom: 0cm\" lang=\"de-DE\"><strong> Teilnahme am Einzug des Patriarchen in die Nativity Kirche<\/strong><\/p>\n<p style=\"margin-bottom: 0cm\" lang=\"de-DE\"><strong> Konferenz am Friedensplatz, Verteilung von Postkarten mit<\/strong><\/p>\n<p style=\"margin-bottom: 0cm\" lang=\"de-DE\"><strong> unserer  Friedensmitteilung<\/strong><\/p>\n<p style=\"margin-bottom: 0cm\" lang=\"de-DE\"><strong> &#8211; 14 Uhr Mittagessen<\/strong><\/p>\n<p style=\"margin-bottom: 0cm\" lang=\"de-DE\"><strong> &#8211; 16 Uhr Teilnahme an den Hirtengebeten und Weihnachtsfest<\/strong><\/p>\n<p style=\"margin-bottom: 0cm\" lang=\"de-DE\">\n<p style=\"margin-bottom: 0cm\"><span lang=\"de-DE\"><strong>25.12.  &#8211;  09 Uhr Reise nach Jeb Al Yheeb<\/strong><\/span><\/p>\n<p style=\"margin-bottom: 0cm\" lang=\"de-DE\"><strong> 11 Uhr Fr\u00fchst\u00fcck \/ Mittagessen<\/strong><\/p>\n<p style=\"margin-bottom: 0cm\" lang=\"de-DE\"><strong> 13 Uhr Besuch des Aida Fl\u00fcchtlingslagers und Bethlehem Checkpoint<\/strong><\/p>\n<p style=\"margin-bottom: 0cm\" lang=\"de-DE\"><strong> 16 Uhr Kerzenprozession<\/strong><\/p>\n<p style=\"margin-bottom: 0cm\" lang=\"de-DE\">\n<p style=\"margin-bottom: 0cm\" lang=\"de-DE\"><strong>26.12. &#8211;  09 Uhr Reise nach Al Walaja &#8211;  Seite Jerusalem <\/strong><\/p>\n<p style=\"margin-bottom: 0cm\" lang=\"de-DE\"><strong>12 Uhr Mittagessen<\/strong><\/p>\n<p style=\"margin-bottom: 0cm\" lang=\"de-DE\"><strong> 14 Uhr Beit Jala &#8211; Cerimisan<\/strong><\/p>\n<p style=\"margin-bottom: 0cm\" lang=\"de-DE\">\n<p style=\"margin-bottom: 0cm\" lang=\"de-DE\"><strong>27.12 &#8211;   09 Uhr Besuch der Stadt Hebron<\/strong><\/p>\n<p style=\"margin-bottom: 0cm\" lang=\"de-DE\"><strong> 12 Uhr Mittagessen<\/strong><\/p>\n<p style=\"margin-bottom: 0cm\" lang=\"de-DE\"><strong> 14 Uhr Beit Ummar<\/strong><\/p>\n<p style=\"margin-bottom: 0cm\" lang=\"de-DE\"><strong>28.12  &#8211;  08 Uhr Reise nach Ramallah &#8211; Nabi Saleh<\/strong><\/p>\n<p style=\"margin-bottom: 0cm\" lang=\"de-DE\"><strong> 12 Uhr Mittagessen<\/strong><\/p>\n<p style=\"margin-bottom: 0cm\" lang=\"de-DE\"><strong> 14 Uhr Bittin<\/strong><\/p>\n<p style=\"margin-bottom: 0cm\" lang=\"de-DE\">\n<p style=\"margin-bottom: 0cm\" lang=\"de-DE\"><strong>29. 12  &#8211; 08 Uhr Besuch der Altstadt Nablus<\/strong><\/p>\n<p style=\"margin-bottom: 0cm\" lang=\"de-DE\"><strong> 12 Uhr Mittagessen<\/strong><\/p>\n<p style=\"margin-bottom: 0cm\" lang=\"de-DE\"><strong>14 Uhr Tour und Arbeit in einem Dorf bei Nablus<\/strong><\/p>\n<p style=\"margin-bottom: 0cm\" lang=\"de-DE\">\n<p style=\"margin-bottom: 0cm\" lang=\"de-DE\"><strong>30. 12  &#8211;  08 Uhr Reise nach Yanoun &#8211; EAPPI<\/strong><\/p>\n<p style=\"margin-bottom: 0cm\" lang=\"de-DE\"><strong>12 Uhr Mittagessen in Yanoun<\/strong><\/p>\n<p style=\"margin-bottom: 0cm\" lang=\"de-DE\"><strong> 14 Uhr Neujahrsfeier in Yanoun und N\u00e4chtigung <\/strong><\/p>\n<p style=\"margin-bottom: 0cm\" lang=\"de-DE\">\n<p style=\"margin-bottom: 0cm\" lang=\"de-DE\"><strong>02.01.2012 Abreise Tel Aviv 16 Uhr &#8211; Ankunft Wien Schwechat 18: 55<\/strong><\/p>\n<p style=\"margin-bottom: 0cm\" lang=\"de-DE\"><strong><a href=\"http:\/\/www.luxorbis.org\/friedensplattform.at\/wp-content\/uploads\/2011\/11\/\u00d6sterreichische_solidarit\u00e4tsreise_Frigga_Karl.pdf\">\u00d6sterreichische_solidarit\u00e4tsreise_Frigga_Karl<\/a><\/strong><\/p>\n<p style=\"margin-bottom: 0cm\" lang=\"de-DE\"><strong><a href=\"http:\/\/www.luxorbis.org\/friedensplattform.at\/wp-content\/uploads\/2011\/11\/Programm_Bethlehem_Weihnachten_2011-1.pdf\">Programm_Bethlehem_Weihnachten_2011-1<\/a><br \/>\n<\/strong><\/p>\n","protected":false},"excerpt":{"rendered":"<p>Solidarit\u00e4tsreise nach Pal\u00e4stina &#8222;Weihnachten 2011 in Bethlehem&#8220; Vorl\u00e4ufiges Reiseprogramm:<\/p>\n","protected":false},"author":1,"featured_media":0,"comment_status":"open","ping_status":"open","sticky":false,"template":"","format":"standard","meta":{"footnotes":""},"categories":[5],"tags":[],"class_list":["post-1635","post","type-post","status-publish","format-standard","hentry","category-arabischer-raum"],"_links":{"self":[{"href":"https:\/\/www.friedensplattform.at\/index.php?rest_route=\/wp\/v2\/posts\/1635","targetHints":{"allow":["GET"]}}],"collection":[{"href":"https:\/\/www.friedensplattform.at\/index.php?rest_route=\/wp\/v2\/posts"}],"about":[{"href":"https:\/\/www.friedensplattform.at\/index.php?rest_route=\/wp\/v2\/types\/post"}],"author":[{"embeddable":true,"href":"https:\/\/www.friedensplattform.at\/index.php?rest_route=\/wp\/v2\/users\/1"}],"replies":[{"embeddable":true,"href":"https:\/\/www.friedensplattform.at\/index.php?rest_route=%2Fwp%2Fv2%2Fcomments&post=1635"}],"version-history":[{"count":0,"href":"https:\/\/www.friedensplattform.at\/index.php?rest_route=\/wp\/v2\/posts\/1635\/revisions"}],"wp:attachment":[{"href":"https:\/\/www.friedensplattform.at\/index.php?rest_route=%2Fwp%2Fv2%2Fmedia&parent=1635"}],"wp:term":[{"taxonomy":"category","embeddable":true,"href":"https:\/\/www.friedensplattform.at\/index.php?rest_route=%2Fwp%2Fv2%2Fcategories&post=1635"},{"taxonomy":"post_tag","embeddable":true,"href":"https:\/\/www.friedensplattform.at\/index.php?rest_route=%2Fwp%2Fv2%2Ftags&post=1635"}],"curies":[{"name":"wp","href":"https:\/\/api.w.org\/{rel}","templated":true}]}}