{"id":1717,"date":"2011-12-11T19:46:22","date_gmt":"2011-12-11T17:46:22","guid":{"rendered":"http:\/\/www.luxorbis.org\/friedensplattform.at\/?p=1717"},"modified":"2011-12-11T19:46:22","modified_gmt":"2011-12-11T17:46:22","slug":"kritisches-weisssein-gelebter-antirassimus","status":"publish","type":"post","link":"https:\/\/www.friedensplattform.at\/?p=1717","title":{"rendered":"Kritisches Wei&#223;sein &#8211; gelebter Antirassimus"},"content":{"rendered":"<p>ein Seminar von SOMM <strong>f\u00fcr Frauen<\/strong> am 20. Dezember in Graz!<\/p>\n<p><strong><span style=\"color: #993366;\">Kritisches Wei\u00dfsein \u2013 als praktisches Werkzeug der Selbstreflexion in Organisationen <\/span><\/strong><!--more--><\/p>\n<p><strong><span style=\"text-decoration: underline;\">ein Seminar f\u00fcr Frauen mit Mag<sup>a<\/sup>. A. E. Johnston -Arthur und MSc G. Bargehr<\/span><\/strong><\/p>\n<p><strong>F\u00fcr SOMM als Selbstorganisation von und f\u00fcr Migrantinnen und  Musliminnen, ist es wichtig, mit diesem Seminar ein weiteres Signal in  Richtung\u00a0 Frauenbewegung\u00a0auszusenden. Durch Infragestellen der  Herrschaftsverh\u00e4ltnisse in dieser Gesellschaft, die sich in der  Frauenbewegung widerspiegeln, kann Solidarit\u00e4t und Widerstand m\u00f6glich  werden.<\/strong><\/p>\n<div>\n<p><strong>Zeit: Dienstag, den 20. Dezember von 9 bis 18 Uhr<\/strong><\/p>\n<p><strong>Ort: Graz, Wielandgasse 23 (R\u00e4umlichkeiten von SOMM)<\/strong><\/p>\n<p><strong>Teilnehmerinnenkosten: 50.- \/ Erm\u00e4\u00dfigungen sind nach Vereinbarung m\u00f6glich.<\/strong><\/p>\n<p><strong>Anmeldung unter: 0316\/76 30 80<br \/>\n<\/strong><\/p>\n<\/div>\n<p><strong>Ziele und Inhalte: <em>Allein die Praxis des Benennens und  Ansprechens der Wei\u00df-heit steht in unserem \u00f6sterreichischen Kontext und  somit auch in der bislang noch vorwiegend wei\u00dfen \u201aantirassistischen\u2019  Arbeitspraxis noch in den Kinderschuhen. Wei\u00df-heit bleibt zumeist v\u00f6llig  unthematisiert und so wird die ihr zugrunde liegende Macht und Gewalt  fortlaufend als Normalit\u00e4t zementiert, realisiert und ihre Hegemonie  durch die ihr zugeschriebene Neutralit\u00e4t so auch verdoppelt. <\/em>Araba Evelyn Johnston-Arthur<em> <\/em><\/strong><\/p>\n<p><strong>Eine zentrale Grundlage f\u00fcr die Entwicklung einer  antidiskriminatorischen Arbeitspraxis ist die kritische  Selbst-reflexion. Vor diesem Hintergrund gilt es in erster Linie, ein  Bewusstsein \u00fcber die eigene gesellschaftliche Positioniertheit zu  erlangen, in zweiter Linie um die Frage, wie sich unsere jeweilige  gesellschaftliche Positioniertheit mit all ihren unterschiedlich  funktionierenden Ebenen auf unsere Arbeit auswirkt, um last but not  least darum Tools f\u00fcr das Aufbrechen von Dominanzdynamiken zu  erarbeiten. Die Offenlegung des Standortes von dem aus gesprochen d.h.  \u201egearbeitet\u201c wird, ist auf vielen Ebenen ein noch wenig beschrittener  Weg. Gerade im Kontext von Eurozentrismus und Rassismus bleiben wei\u00dfe,  hegemoniale Subjektpositionen zumeist unbenannt \u2013 auf diesem Weg werden  die ihnen zugrunde liegenden Machtpositionen, Privilegien und  Gewalt-verh\u00e4ltnisse nicht nur unsichtbar gemacht, sondern werden mehr  noch als neutral verankert. Das Training geht durchgehend von dem  Ineinanderwirken der unterschiedlichen Unterdr\u00fcckungssysteme wie  Rassismus, (Hetero) Sexismus und Klassismus aus und thematisiert die  daraus resultierenden Verflechtungen und Dominanz-dynamiken in  Arbeitspraktiken. Die Ziele des Trainings lassen sich folgenderma\u00dfen  zusammenfassen:<\/strong><\/p>\n<p><strong>\uf020Einblick in das praktische Spannungsfeld der Theorie der kritischen Selbstpositionierung<\/strong><\/p>\n<p><strong>\uf020Ans\u00e4tze und Tools zur kritischen Selbstreflexion<\/strong><\/p>\n<p><strong>\uf020Prozesse der kritischen Selbstpositionierung<\/strong><\/p>\n<p><strong>Dominanzdynamiken erkennen und aufbrechen<\/strong><\/p>\n<p><strong>Ein Teilnahmezertifikat kann von \u201eIm Kontext \u2013 Institut f\u00fcr Organisationsberatung\u201c (Wien) ausgestellt werden.<\/strong><\/p>\n<p><strong>Dieses Seminar wird gef\u00f6rdert von: \u00d6sterr. Gesellschaft f\u00fcr  Politische Bildung,\u00a0 in Kooperation mit: Unabh\u00e4ngige Frauenbeauftragte  der Stadt Graz<\/strong><\/p>\n","protected":false},"excerpt":{"rendered":"<p>ein Seminar von SOMM f\u00fcr Frauen am 20. Dezember in Graz! Kritisches Wei\u00dfsein \u2013 als praktisches Werkzeug der Selbstreflexion in Organisationen<\/p>\n","protected":false},"author":3,"featured_media":0,"comment_status":"open","ping_status":"open","sticky":false,"template":"","format":"standard","meta":{"footnotes":""},"categories":[21],"tags":[],"class_list":["post-1717","post","type-post","status-publish","format-standard","hentry","category-veranstaltungshinweise"],"_links":{"self":[{"href":"https:\/\/www.friedensplattform.at\/index.php?rest_route=\/wp\/v2\/posts\/1717","targetHints":{"allow":["GET"]}}],"collection":[{"href":"https:\/\/www.friedensplattform.at\/index.php?rest_route=\/wp\/v2\/posts"}],"about":[{"href":"https:\/\/www.friedensplattform.at\/index.php?rest_route=\/wp\/v2\/types\/post"}],"author":[{"embeddable":true,"href":"https:\/\/www.friedensplattform.at\/index.php?rest_route=\/wp\/v2\/users\/3"}],"replies":[{"embeddable":true,"href":"https:\/\/www.friedensplattform.at\/index.php?rest_route=%2Fwp%2Fv2%2Fcomments&post=1717"}],"version-history":[{"count":0,"href":"https:\/\/www.friedensplattform.at\/index.php?rest_route=\/wp\/v2\/posts\/1717\/revisions"}],"wp:attachment":[{"href":"https:\/\/www.friedensplattform.at\/index.php?rest_route=%2Fwp%2Fv2%2Fmedia&parent=1717"}],"wp:term":[{"taxonomy":"category","embeddable":true,"href":"https:\/\/www.friedensplattform.at\/index.php?rest_route=%2Fwp%2Fv2%2Fcategories&post=1717"},{"taxonomy":"post_tag","embeddable":true,"href":"https:\/\/www.friedensplattform.at\/index.php?rest_route=%2Fwp%2Fv2%2Ftags&post=1717"}],"curies":[{"name":"wp","href":"https:\/\/api.w.org\/{rel}","templated":true}]}}