{"id":1731,"date":"2011-12-12T18:45:07","date_gmt":"2011-12-12T16:45:07","guid":{"rendered":"http:\/\/www.luxorbis.org\/friedensplattform.at\/?p=1731"},"modified":"2011-12-12T18:45:07","modified_gmt":"2011-12-12T16:45:07","slug":"tote-und-verletzte-in-palaestina","status":"publish","type":"post","link":"https:\/\/www.friedensplattform.at\/?p=1731","title":{"rendered":"Tote und Verletzte in Pal&#228;stina"},"content":{"rendered":"<p>Jerusalem. Ein pal\u00e4stinensischer Demonstrant ist nach einem Einsatz der israelischen Streitkr\u00e4fte im Westjordanland am Samstag seinen Verletzungen erlegen. Augenzeugen zufolge war der 28j\u00e4hrige Mustafa Tamimi tags zuvor von einer Tr\u00e4nengaskartusche im Gesicht getroffen worden, <!--more-->als er in dem Dorf Nabi Sale ein Milit\u00e4rfahrzeug mit Steinen bewarf. Ein Soldat habe die T\u00fcr an der R\u00fcckseite des Jeeps ge\u00f6ffnet und direkt auf Tamimi gezielt, schilderte der Fotograf Haim Schwarzenberg den Vorfall. Eine Sprecherin der israelischen Streitkr\u00e4fte k\u00fcndigte eine Untersuchung an. Nach der Beerdigung Tamimis am Sonntag kam es zu Kundgebungen, mehrere Teilnehmer wurden von israelischen Soldaten festgenommen.<\/p>\n<p>Unterdessen sind bei einem weiteren israelischen Luftangriff auf den Gazastreifen am Sonntag nach Angaben der pal\u00e4stinensischen Gesundheitsbeh\u00f6rde mindestens zwei Menschen verletzt worden.<\/p>\n<p>(dapd\/AP\/jW) 12.12.2011<\/p>\n","protected":false},"excerpt":{"rendered":"<p>Jerusalem. Ein pal\u00e4stinensischer Demonstrant ist nach einem Einsatz der israelischen Streitkr\u00e4fte im Westjordanland am Samstag seinen Verletzungen erlegen. Augenzeugen zufolge war der 28j\u00e4hrige Mustafa Tamimi tags zuvor von einer Tr\u00e4nengaskartusche im Gesicht getroffen worden,<\/p>\n","protected":false},"author":3,"featured_media":0,"comment_status":"open","ping_status":"open","sticky":false,"template":"","format":"standard","meta":{"footnotes":""},"categories":[5],"tags":[],"class_list":["post-1731","post","type-post","status-publish","format-standard","hentry","category-arabischer-raum"],"_links":{"self":[{"href":"https:\/\/www.friedensplattform.at\/index.php?rest_route=\/wp\/v2\/posts\/1731","targetHints":{"allow":["GET"]}}],"collection":[{"href":"https:\/\/www.friedensplattform.at\/index.php?rest_route=\/wp\/v2\/posts"}],"about":[{"href":"https:\/\/www.friedensplattform.at\/index.php?rest_route=\/wp\/v2\/types\/post"}],"author":[{"embeddable":true,"href":"https:\/\/www.friedensplattform.at\/index.php?rest_route=\/wp\/v2\/users\/3"}],"replies":[{"embeddable":true,"href":"https:\/\/www.friedensplattform.at\/index.php?rest_route=%2Fwp%2Fv2%2Fcomments&post=1731"}],"version-history":[{"count":0,"href":"https:\/\/www.friedensplattform.at\/index.php?rest_route=\/wp\/v2\/posts\/1731\/revisions"}],"wp:attachment":[{"href":"https:\/\/www.friedensplattform.at\/index.php?rest_route=%2Fwp%2Fv2%2Fmedia&parent=1731"}],"wp:term":[{"taxonomy":"category","embeddable":true,"href":"https:\/\/www.friedensplattform.at\/index.php?rest_route=%2Fwp%2Fv2%2Fcategories&post=1731"},{"taxonomy":"post_tag","embeddable":true,"href":"https:\/\/www.friedensplattform.at\/index.php?rest_route=%2Fwp%2Fv2%2Ftags&post=1731"}],"curies":[{"name":"wp","href":"https:\/\/api.w.org\/{rel}","templated":true}]}}