{"id":1733,"date":"2011-12-12T18:54:32","date_gmt":"2011-12-12T16:54:32","guid":{"rendered":"http:\/\/www.luxorbis.org\/friedensplattform.at\/?p=1733"},"modified":"2011-12-12T18:54:32","modified_gmt":"2011-12-12T16:54:32","slug":"so-eine-demo-jeden-tag","status":"publish","type":"post","link":"https:\/\/www.friedensplattform.at\/?p=1733","title":{"rendered":"So eine Demo jeden Tag"},"content":{"rendered":"<h2>Zug von 1000 Teilnehmern in Berlin gegen Rassismus und f\u00fcr Solidarit\u00e4t mit den Opfern<\/h2>\n<p>Farzad Farkhooi mit der offiziellen Brille und Gedenken den Opfern<\/p>\n<p><img loading=\"lazy\" decoding=\"async\" class=\"alignleft size-thumbnail wp-image-1734\" title=\"serveImage.php\" src=\"http:\/\/www.luxorbis.org\/friedensplattform.at\/wp-content\/uploads\/2011\/12\/serveImage.php-150x116.jpg\" alt=\"serveImage.php\" width=\"150\" height=\"116\" \/><\/p>\n<p>Foto: nd\/Klaus Joachim Herrmann<\/p>\n<p>Politik und Staatsgewalt, die auf dem rechten Auge blind sind, symbolisiert Farzad Farkhooi an diesem Samstagmittag auf der Demonstration gegen Rassismus. <!--more-->Der 31-j\u00e4hrige Iraner, Wissenschaftler an der Freien Universit\u00e4t, hat sich eine gro\u00dfe Brille gebastelt. \u00bbRassismus ist \u00fcberall\u00ab, klagt er. Schon die Bezeichnung der Bluttaten gegen Mitb\u00fcrger als \u00bbD\u00f6ner-Morde\u00ab sei diskriminierend. Der Opfer rassistischen und rechtsextremen Terrors gedenken in der ersten Reihe Demonstranten in wei\u00dfen T-Shirts mit Portr\u00e4ts der Ermordeten und der Aufschrift \u00bbRassismus mordet\u00ab. Auf dem R\u00fccken ist zu lesen: \u00bbGenug geschwiegen geduldet gedeckt\u00ab. Am Ziel des Zuges der laut Veranstalter bis zu 1000 Demonstranten vom Marx-Engels-Forum bis zum Brandenburger Tor nehmen sie noch einmal Aufstellung \u2013 ein Symbol der Solidarit\u00e4t weit \u00fcber Berlin hinaus.<\/p>\n<p><strong>In den Fluren der Verwaltungen herrsche institutioneller Rassismus, und allt\u00e4glicher Rassismus dr\u00fccke sich in Sprache und Denkstrukturen aus<\/strong>, erkl\u00e4rte das mit Dutzenden K\u00f6rperschaften als Mitgliedern weit gef\u00e4cherte B\u00fcndnis gegen Rassismus. Die Wurzeln des Rassismus seien \u00bbtief in den K\u00f6pfen verankert\u00ab. Er sei auch kein Problem einer kleinen Randgruppe. Unter Hinweis auf diesen Tag der Menschenrechte betont Katrin Lompscher von der Linkspartei, dass das, was in Deutschland unter den Augen und dem Mittun staatlicher Institutionen passiert sei, ein Ende haben muss. Wie in Berlin m\u00fcssten \u00fcberall die V-Leute abgeschaltet werden. Dann k\u00f6nne ein Verbot der NPD erfolgen.<\/p>\n<p><a href=\"http:\/\/\">http:\/\/www.neues-deutschland.de\/artikel\/213079.so-eine-demo-jeden-tag.html<\/a><\/p>\n","protected":false},"excerpt":{"rendered":"<p>Zug von 1000 Teilnehmern in Berlin gegen Rassismus und f\u00fcr Solidarit\u00e4t mit den Opfern Farzad Farkhooi mit der offiziellen Brille und Gedenken den Opfern Foto: nd\/Klaus Joachim Herrmann Politik und Staatsgewalt, die auf dem rechten Auge blind sind, symbolisiert Farzad Farkhooi an diesem Samstagmittag auf der Demonstration gegen Rassismus.<\/p>\n","protected":false},"author":3,"featured_media":0,"comment_status":"open","ping_status":"open","sticky":false,"template":"","format":"standard","meta":{"footnotes":""},"categories":[4],"tags":[],"class_list":["post-1733","post","type-post","status-publish","format-standard","hentry","category-antirassismus"],"_links":{"self":[{"href":"https:\/\/www.friedensplattform.at\/index.php?rest_route=\/wp\/v2\/posts\/1733","targetHints":{"allow":["GET"]}}],"collection":[{"href":"https:\/\/www.friedensplattform.at\/index.php?rest_route=\/wp\/v2\/posts"}],"about":[{"href":"https:\/\/www.friedensplattform.at\/index.php?rest_route=\/wp\/v2\/types\/post"}],"author":[{"embeddable":true,"href":"https:\/\/www.friedensplattform.at\/index.php?rest_route=\/wp\/v2\/users\/3"}],"replies":[{"embeddable":true,"href":"https:\/\/www.friedensplattform.at\/index.php?rest_route=%2Fwp%2Fv2%2Fcomments&post=1733"}],"version-history":[{"count":0,"href":"https:\/\/www.friedensplattform.at\/index.php?rest_route=\/wp\/v2\/posts\/1733\/revisions"}],"wp:attachment":[{"href":"https:\/\/www.friedensplattform.at\/index.php?rest_route=%2Fwp%2Fv2%2Fmedia&parent=1733"}],"wp:term":[{"taxonomy":"category","embeddable":true,"href":"https:\/\/www.friedensplattform.at\/index.php?rest_route=%2Fwp%2Fv2%2Fcategories&post=1733"},{"taxonomy":"post_tag","embeddable":true,"href":"https:\/\/www.friedensplattform.at\/index.php?rest_route=%2Fwp%2Fv2%2Ftags&post=1733"}],"curies":[{"name":"wp","href":"https:\/\/api.w.org\/{rel}","templated":true}]}}