{"id":1736,"date":"2011-12-12T19:00:14","date_gmt":"2011-12-12T17:00:14","guid":{"rendered":"http:\/\/www.luxorbis.org\/friedensplattform.at\/?p=1736"},"modified":"2011-12-12T19:00:14","modified_gmt":"2011-12-12T17:00:14","slug":"mitmachen-e-mail-aktion-zum-tag-der-menschenrechte","status":"publish","type":"post","link":"https:\/\/www.friedensplattform.at\/?p=1736","title":{"rendered":"Mitmachen! E-Mail Aktion zum Tag der Menschenrechte"},"content":{"rendered":"<p>Die Budgetk\u00fcrzungen der Landesregierung versto\u00dfen gegen die UN-Konvention \u00fcber die Rechte von Menschen mit Behinderungen und die UN-Kinderrechtskonvention.<!--more-->Unsere kleine Aktion dazu zum Tag der Menschenrechte &#8211; Stichwort Transparent im Landhaushof und Flugblatt verteilen vor dem Landhaus &#8211; war durchaus erfolgreich und hat Aufmerksamkeit erregt, auch mit der Medienberichterstattung k\u00f6nnen wir zufrieden sein &#8211; in Radio Steiermark und in Steiermark heute gab es Beitr\u00e4ge, ebenso in der Printversion der Kleinen Zeitung sowie online: <a href=\"http:\/\/steiermark.orf.at\/news\/stories\/2512561\/\" target=\"_blank\">http:\/\/steiermark.orf.at\/news\/stories\/2512561\/<\/a> und<a href=\"http:\/\/www.kleinezeitung.at\/nachrichten\/politik\/2895979\/plattform-25-ortet-verstoesse-gegen-un-konventionen.story\" target=\"_blank\"> http:\/\/www.kleinezeitung.at\/nachrichten\/politik\/2895979\/plattform-25-ortet-verstoesse-gegen-un-konventionen.story<\/a><br \/>\nFotos von der Aktion gibt es auf unserer Homepage: <a href=\"http:\/\/www.plattform25.at\/\" target=\"_blank\">www.plattform25.at<\/a><\/p>\n<p>Um der Aktion noch mehr Nachdruck zu verleihen, bitten wir Euch um rege Beteiligung an unserer<strong> e-mail-Aktion zum Tag der Menschenrechte<\/strong>:<br \/>\nDazu bitte einfach beiliegenden Aufruf zum Tag der Menschenrechte per mail an Voves und Sch\u00fctzenh\u00f6fer schicken: <a href=\"mailto:franz.voves@stmk.gv.at\" target=\"_blank\">franz.voves@stmk.gv.at<\/a> und <a href=\"mailto:hermann.schuetzenhoefer@stmk.gv.at\" target=\"_blank\">hermann.schuetzenhoefer@stmk.gv.at<\/a><br \/>\nDer Aufruf kann auch von unserer Homepage heruntergeladen werden. Eine rege Beteiligung an dieser Aktion w\u00e4re ein tolles Signal!<\/p>\n<p>Weiters m\u00f6chten wir darauf aufmerksam machen, dass noch bis \u00fcbermorgen die Wahl der Kleinen Zeitung G7 zu den GrazerInnen des Jahres l\u00e4uft, bei der die SprecherInnen der Plattform 25 in der Kategorie &#8222;Soziales Gewissen&#8220; nominiert wurden &#8211; mitstimmen k\u00f6nnt Ihr hier:<br \/>\n<a href=\"http:\/\/www.kleinezeitung.at\/portal\/fragments\/g7\/7mal7\/sozial.jsp\" target=\"_blank\">http:\/\/www.kleinezeitung.at\/\/portal\/fragments\/g7\/7mal7\/sozial.jsp<\/a><\/p>\n<p>Mit solidarischen Gr\u00fc\u00dfen<\/p>\n<p>Yvonne Seidler und Gerhard Z\u00fcckert<\/p>\n<p><a href=\"http:\/\/www.plattform25.at\/\" target=\"_blank\">http:\/\/www.plattform25.at<\/a><\/p>\n","protected":false},"excerpt":{"rendered":"<p>Die Budgetk\u00fcrzungen der Landesregierung versto\u00dfen gegen die UN-Konvention \u00fcber die Rechte von Menschen mit Behinderungen und die UN-Kinderrechtskonvention.<\/p>\n","protected":false},"author":3,"featured_media":0,"comment_status":"open","ping_status":"open","sticky":false,"template":"","format":"standard","meta":{"footnotes":""},"categories":[1],"tags":[],"class_list":["post-1736","post","type-post","status-publish","format-standard","hentry","category-allgemein"],"_links":{"self":[{"href":"https:\/\/www.friedensplattform.at\/index.php?rest_route=\/wp\/v2\/posts\/1736","targetHints":{"allow":["GET"]}}],"collection":[{"href":"https:\/\/www.friedensplattform.at\/index.php?rest_route=\/wp\/v2\/posts"}],"about":[{"href":"https:\/\/www.friedensplattform.at\/index.php?rest_route=\/wp\/v2\/types\/post"}],"author":[{"embeddable":true,"href":"https:\/\/www.friedensplattform.at\/index.php?rest_route=\/wp\/v2\/users\/3"}],"replies":[{"embeddable":true,"href":"https:\/\/www.friedensplattform.at\/index.php?rest_route=%2Fwp%2Fv2%2Fcomments&post=1736"}],"version-history":[{"count":0,"href":"https:\/\/www.friedensplattform.at\/index.php?rest_route=\/wp\/v2\/posts\/1736\/revisions"}],"wp:attachment":[{"href":"https:\/\/www.friedensplattform.at\/index.php?rest_route=%2Fwp%2Fv2%2Fmedia&parent=1736"}],"wp:term":[{"taxonomy":"category","embeddable":true,"href":"https:\/\/www.friedensplattform.at\/index.php?rest_route=%2Fwp%2Fv2%2Fcategories&post=1736"},{"taxonomy":"post_tag","embeddable":true,"href":"https:\/\/www.friedensplattform.at\/index.php?rest_route=%2Fwp%2Fv2%2Ftags&post=1736"}],"curies":[{"name":"wp","href":"https:\/\/api.w.org\/{rel}","templated":true}]}}