{"id":1738,"date":"2011-12-14T10:40:31","date_gmt":"2011-12-14T08:40:31","guid":{"rendered":"http:\/\/www.luxorbis.org\/friedensplattform.at\/?p=1738"},"modified":"2011-12-14T10:40:31","modified_gmt":"2011-12-14T08:40:31","slug":"heftige-proteste-nach-ermordung-zweier-senegalesen-durch-rechtsextremen-in-florenz","status":"publish","type":"post","link":"https:\/\/www.friedensplattform.at\/?p=1738","title":{"rendered":"Heftige Proteste nach Ermordung zweier Senegalesen durch Rechtsextremen in Florenz"},"content":{"rendered":"<p>Nach dem Doppelmord kam es in Florenz zu einer spontanen Protestkundgebung von Immigranten. Mit Rufen wie &#8222;Schande&#8220; und &#8222;Italiener-Rassisten&#8220; marschierten w\u00fctende Afrikaner ins Stadtzentrum, kippten Motorr\u00e4der und M\u00fclltonnen um.<!--more--><\/p>\n<p>Ein Rechtsextremist hat am Dienstag in Florenz zwei senegalesische Einwanderer erschossen und drei weitere verletzt. Der T\u00e4ter verlie\u00df nach einem Wortwechsel mit einer Gruppe Wanderh\u00e4ndler den Markt auf der Piazza Dalmazia im Norden der Stadt. Wenig sp\u00e4ter kehrte er zur\u00fcck, parkte seinen Wagen in der zweiten Reihe und begann mit einer regelrechten Jagd auf Senegalesen. Mit einer Smith &amp; Wesson Magnum t\u00f6tete er zwei junge Afrikaner, ein 37-J\u00e4hriger wurde lebensgef\u00e4hrlich verletzt und lief Gefahr, gel\u00e4hmt zu bleiben. Auf dem Markt brach Panik aus. Zahlreiche Menschen suchten Schutz unter Marktst\u00e4nden und in Gesch\u00e4ften.<\/p>\n<p>Mehrere Passanten verfolgten den fl\u00fcchtigen T\u00e4ter, einer fotografierte ihn mit dem Handy. &#8222;Du bist Florentiner, dir passiert nichts&#8220; , rief er einem Zeitungsh\u00e4ndler zu, der sich ihm in den Weg stellte. Einem Passanten gelang es, die Kennnummer des Wagens zu notieren. Die Gro\u00dffahndung der Polizei verlief ergebnislos, bis der 50-J\u00e4hrige zwei Stunden sp\u00e4ter auf dem Markt der Piazza San Lorenzo auftauchte und die Jagd auf Senegalesen mit neu geladener Pistole fortsetzte.<\/p>\n<p>Der Mann verfolgte einen Afrikaner und gab dabei zahlreiche Sch\u00fcsse ab. Zwei Senegalesen im Alter von 32 und 42 wurden lebensgef\u00e4hrlich verletzt. Dann fl\u00fcchtete der Sch\u00fctze in die Tiefgarage, in der er seinen Wagen geparkt hatte. Als die Polizei ihn aufforderte, sein Fahrzeug zu verlassen, schoss er sich in den Kopf.<\/p>\n<p>Bei dem T\u00e4ter handelt es sich um den Rechtsextremisten Gianluca Casseri aus dem Appenninendorf Cireglio bei Pistoia, der wegen seiner antisemitischen und rassistischen Gesinnung bekannt war. Bekannte schildern ihn als eigenwilligen Einzelg\u00e4nger. Der belesene Tolkien-Anh\u00e4nger war Herausgeber der rechten Zeitschrift Die Schwelle und hatte 2010 den historischen Roman Der Schl\u00fcssel zum Chaos publiziert, der die Geschichte eines Magiers und Alchimisten erz\u00e4hlt. Casseri, der in Florenz wohnte, geh\u00f6rte zum Umfeld des rechtsextremen Kulturzentrums &#8222;Casa Pound&#8220; in Rom und war bereits mehrmals angezeigt worden. Er hatte \u00f6fter an rassistischen Kundgebungen teilgenommen.<\/p>\n<p>Nach dem Doppelmord kam es in Florenz zu einer spontanen Protestkundgebung von Immigranten. Mit Rufen wie &#8222;Schande&#8220; und &#8222;Italiener-Rassisten&#8220; marschierten w\u00fctende Afrikaner ins Stadtzentrum, kippten Motorr\u00e4der und M\u00fclltonnen um. Ein gro\u00dfes Polizeiaufgebot stoppte die rund 300 Demonstranten. Erst als die Polizei einem der Senegalesen einen Blick auf die Leiche des T\u00e4ters erlaubte, beruhigten sich die erhitzten Gem\u00fcter. B\u00fcrgermeister Matteo Renzi empfing eine Abordnung aus Senegal und erkl\u00e4rte den Mittwoch zum st\u00e4dtischen Trauertag. Staatspr\u00e4sident Giorgio Napolitano sprach den Angeh\u00f6rigen der Ermordeten seine Anteilnahme aus und rief dazu auf, &#8222;jede Intoleranz im Keim zu ersticken.&#8220;<\/p>\n<p>(Gerhard <a href=\"http:\/\/derstandard.at\/?id=3077464\" target=\"_blank\">Mumelter<\/a> aus Rom, DER STANDARD-Printausgabe, 14.12.2011)<\/p>\n","protected":false},"excerpt":{"rendered":"<p>Nach dem Doppelmord kam es in Florenz zu einer spontanen Protestkundgebung von Immigranten. Mit Rufen wie &#8222;Schande&#8220; und &#8222;Italiener-Rassisten&#8220; marschierten w\u00fctende Afrikaner ins Stadtzentrum, kippten Motorr\u00e4der und M\u00fclltonnen um.<\/p>\n","protected":false},"author":3,"featured_media":0,"comment_status":"open","ping_status":"open","sticky":false,"template":"","format":"standard","meta":{"footnotes":""},"categories":[4],"tags":[],"class_list":["post-1738","post","type-post","status-publish","format-standard","hentry","category-antirassismus"],"_links":{"self":[{"href":"https:\/\/www.friedensplattform.at\/index.php?rest_route=\/wp\/v2\/posts\/1738","targetHints":{"allow":["GET"]}}],"collection":[{"href":"https:\/\/www.friedensplattform.at\/index.php?rest_route=\/wp\/v2\/posts"}],"about":[{"href":"https:\/\/www.friedensplattform.at\/index.php?rest_route=\/wp\/v2\/types\/post"}],"author":[{"embeddable":true,"href":"https:\/\/www.friedensplattform.at\/index.php?rest_route=\/wp\/v2\/users\/3"}],"replies":[{"embeddable":true,"href":"https:\/\/www.friedensplattform.at\/index.php?rest_route=%2Fwp%2Fv2%2Fcomments&post=1738"}],"version-history":[{"count":0,"href":"https:\/\/www.friedensplattform.at\/index.php?rest_route=\/wp\/v2\/posts\/1738\/revisions"}],"wp:attachment":[{"href":"https:\/\/www.friedensplattform.at\/index.php?rest_route=%2Fwp%2Fv2%2Fmedia&parent=1738"}],"wp:term":[{"taxonomy":"category","embeddable":true,"href":"https:\/\/www.friedensplattform.at\/index.php?rest_route=%2Fwp%2Fv2%2Fcategories&post=1738"},{"taxonomy":"post_tag","embeddable":true,"href":"https:\/\/www.friedensplattform.at\/index.php?rest_route=%2Fwp%2Fv2%2Ftags&post=1738"}],"curies":[{"name":"wp","href":"https:\/\/api.w.org\/{rel}","templated":true}]}}