{"id":1741,"date":"2011-12-14T23:25:47","date_gmt":"2011-12-14T21:25:47","guid":{"rendered":"http:\/\/www.luxorbis.org\/friedensplattform.at\/?p=1741"},"modified":"2011-12-14T23:25:47","modified_gmt":"2011-12-14T21:25:47","slug":"liga-fuer-menschenrechte-fordert-bewegungsfreiheit-fuer-m-vanunu-und-waffenembargo-nahost-kein-krieg-gegen-iran","status":"publish","type":"post","link":"https:\/\/www.friedensplattform.at\/?p=1741","title":{"rendered":"Liga f&#252;r Menschenrechte fordert Bewegungsfreiheit f&#252;r M. Vanunu und Waffenembargo Nahost  &#8211; Kein Krieg gegen Iran!"},"content":{"rendered":"<p><img loading=\"lazy\" decoding=\"async\" class=\"alignleft size-thumbnail wp-image-1743\" title=\"vanunu\" src=\"http:\/\/www.luxorbis.org\/friedensplattform.at\/wp-content\/uploads\/2011\/12\/vanunu-150x150.jpg\" alt=\"vanunu\" width=\"150\" height=\"150\" \/><\/p>\n<p>Von: &#8222;Internationale Liga fuer Menschenrechte&#8220; &lt;<a href=\"https:\/\/service.gmx.net\/callgate-6.50.2.0\/rms\/6.50.2.0\/mail\/getBody?folderId=3&amp;messageId=ZmRoTWRzGXNoZGZ3JzUzYM4oJiSZIpBw&amp;purpose=display&amp;bodyType=html#\">vorstand@ilmr.de<\/a>&gt;<\/p>\n<p>Jahrestag der NICHT-Verleihung der Carl-von-Ossietzky-Medaille 2010<br \/>\nan den israelischen <strong>K\u00e4mpfer f\u00fcr atomare Abr\u00fcstung<\/strong><br \/>\n<strong>Mordechai Vanunu<\/strong><\/p>\n<p><a href=\"http:\/\/ilmr.de\/2011\/pm-jahrestag-der-nicht-verleihung-der-carl-von-ossietzky-medaille-2010-an-den-israelischen-kampfer-fur-atomare-abrustung-mordechai-vanunu\" target=\"_blank\">&#8230;&#8230;.Lies weiter auf&#8230;.<\/a>.<\/p>\n","protected":false},"excerpt":{"rendered":"<p>Von: &#8222;Internationale Liga fuer Menschenrechte&#8220; &lt;vorstand@ilmr.de&gt; Jahrestag der NICHT-Verleihung der Carl-von-Ossietzky-Medaille 2010 an den israelischen K\u00e4mpfer f\u00fcr atomare Abr\u00fcstung Mordechai Vanunu &#8230;&#8230;.Lies weiter auf&#8230;..<\/p>\n","protected":false},"author":2,"featured_media":0,"comment_status":"open","ping_status":"open","sticky":false,"template":"","format":"standard","meta":{"footnotes":""},"categories":[5],"tags":[],"class_list":["post-1741","post","type-post","status-publish","format-standard","hentry","category-arabischer-raum"],"_links":{"self":[{"href":"https:\/\/www.friedensplattform.at\/index.php?rest_route=\/wp\/v2\/posts\/1741","targetHints":{"allow":["GET"]}}],"collection":[{"href":"https:\/\/www.friedensplattform.at\/index.php?rest_route=\/wp\/v2\/posts"}],"about":[{"href":"https:\/\/www.friedensplattform.at\/index.php?rest_route=\/wp\/v2\/types\/post"}],"author":[{"embeddable":true,"href":"https:\/\/www.friedensplattform.at\/index.php?rest_route=\/wp\/v2\/users\/2"}],"replies":[{"embeddable":true,"href":"https:\/\/www.friedensplattform.at\/index.php?rest_route=%2Fwp%2Fv2%2Fcomments&post=1741"}],"version-history":[{"count":0,"href":"https:\/\/www.friedensplattform.at\/index.php?rest_route=\/wp\/v2\/posts\/1741\/revisions"}],"wp:attachment":[{"href":"https:\/\/www.friedensplattform.at\/index.php?rest_route=%2Fwp%2Fv2%2Fmedia&parent=1741"}],"wp:term":[{"taxonomy":"category","embeddable":true,"href":"https:\/\/www.friedensplattform.at\/index.php?rest_route=%2Fwp%2Fv2%2Fcategories&post=1741"},{"taxonomy":"post_tag","embeddable":true,"href":"https:\/\/www.friedensplattform.at\/index.php?rest_route=%2Fwp%2Fv2%2Ftags&post=1741"}],"curies":[{"name":"wp","href":"https:\/\/api.w.org\/{rel}","templated":true}]}}