{"id":1749,"date":"2011-12-16T11:13:20","date_gmt":"2011-12-16T09:13:20","guid":{"rendered":"http:\/\/www.luxorbis.org\/friedensplattform.at\/?p=1749"},"modified":"2011-12-16T11:13:20","modified_gmt":"2011-12-16T09:13:20","slug":"hintergruende-des-mordes-an-mustapha-tamimi","status":"publish","type":"post","link":"https:\/\/www.friedensplattform.at\/?p=1749","title":{"rendered":"Hintergr&#252;nde des Mordes an Mustapha Tamimi"},"content":{"rendered":"<p>Mustapha Tamimi, dem ein israelischer Soldat am 10.12.2011 bei <a href=\"http:\/\/nabisalehsolidarity.wordpress.com\/\" target=\"_blank\">Nabi Saleh<\/a> eine Tr\u00e4nengaskartusche in das Gesicht schoss, ist seinen schweren Verletzungen erlegen.<!--more--><\/p>\n<p>Die <a href=\"http:\/\/popularstruggle.org\/content\/critically-injured-mustafa-tamimi-nabi-saleh-dies-his-wounds\" target=\"_blank\">Bilder<\/a> von der Tat zeigen einen k\u00fchl durchgef\u00fchrten Mord. Als Mustapha Tamimi einem der gepanzerten israelischen Milit\u00e4rjeep hinterherrannte &#8211; wom\u00f6glich mit Steinen danach werfend &#8211; stoppte das Fahrzeug, einer der Soldaten \u00f6ffnete die Heckt\u00fcr und schoss Mustapha aus einer Distanz von weniger als 10 Metern eine <a href=\"http:\/\/972mag.com\/supplement-to-haaretz-expose-on-high-velocity-tear-gas-projectiles\/5815\/\" target=\"_blank\">Hochgeschwindigkeits-Tr\u00e4nengaskartusche<\/a> in das Gesicht.<\/p>\n<p>Mustapha Tamimi ist nicht erste Pal\u00e4stinenser, der einem derartigen Angriff zum Opfer fiel. In 2009 wurde <a href=\"http:\/\/www.popularstruggle.org\/content\/demonstrator-shot-dead-during-bilin-demonstration\" target=\"_blank\">Bassem Abu Rahmah<\/a> in Bilin mit einer \u00e4hnlichen Tr\u00e4nengaskartusche get\u00f6tet. Schwer verletzt durch Tr\u00e4nengaskartuschen wurden auch <a href=\"http:\/\/electronicintifada.net\/content\/tristan-anderson-civil-suit-delayed-new-evidence-emerges\/10649#.TtsDhWOBq0s\" target=\"_blank\">Tristan Anderson<\/a>, 2009 bei Nilin, sowie <a href=\"http:\/\/www.huffingtonpost.com\/naomi-klein\/blinding-the-witnesses_b_600773.html\" target=\"_blank\">Emily Henochowicz<\/a>, 2010 bei Qalandia.<\/p>\n<p>Gem\u00e4\u00df einer <a href=\"http:\/\/nabisalehsolidarity.wordpress.com\/\">Augenzeugin<\/a> fuhr ein UN-Fahrzeug vorbei, &#8222;to observe&#8220;. Es stoppte nicht, als\u00a0 mitgeteilt wurde, dass jemand schwer verletzt ist.<\/p>\n<p>Der israelische M\u00f6rder wird genausowenig zur Rechenschaft gezogen werden, wie die westliche Presse \u00fcber den Mord berichten wird.<br \/>\nDenn in den Augen des &#8218;J\u00fcdischen Staats&#8216; wie auch in denen seiner westliche Freunde &#8211; den obersten Verteidigern der Menschenrechte &#8211; ist das Blut eines Pal\u00e4stinensers ohne Wert.<\/p>\n<p><img loading=\"lazy\" decoding=\"async\" class=\"alignleft size-thumbnail wp-image-1750\" title=\"mustafa-tamimi\" src=\"http:\/\/www.luxorbis.org\/friedensplattform.at\/wp-content\/uploads\/2011\/12\/mustafa-tamimi-150x150.jpg\" alt=\"mustafa-tamimi\" width=\"150\" height=\"150\" \/><br \/>\n<em>Meine Herren, sie haben unser<br \/>\nLand in einen Friedhof<\/em><em> verwandelt<br \/>\nSie haben Kugeln in unseren K\u00f6pfen versenkt<br \/>\nund Massaker organisiert<\/em><br \/>\n<em> Meine Herren, so etwas passiert nicht<br \/>\nohne Aufzeichnung<br \/>\nAlles was sie<\/em><br \/>\n<em> unserem Volk angetan haben<br \/>\nist in Notizb\u00fcchern registriert \u2026<\/em><\/p>\n<p>(Mahmoud Darwish)<\/p>\n<p>http:\/\/www.ipk-bonn.de\/gesellschaft\/news\/2011121100.html<\/p>\n","protected":false},"excerpt":{"rendered":"<p>Mustapha Tamimi, dem ein israelischer Soldat am 10.12.2011 bei Nabi Saleh eine Tr\u00e4nengaskartusche in das Gesicht schoss, ist seinen schweren Verletzungen erlegen.<\/p>\n","protected":false},"author":3,"featured_media":0,"comment_status":"open","ping_status":"open","sticky":false,"template":"","format":"standard","meta":{"footnotes":""},"categories":[5],"tags":[],"class_list":["post-1749","post","type-post","status-publish","format-standard","hentry","category-arabischer-raum"],"_links":{"self":[{"href":"https:\/\/www.friedensplattform.at\/index.php?rest_route=\/wp\/v2\/posts\/1749","targetHints":{"allow":["GET"]}}],"collection":[{"href":"https:\/\/www.friedensplattform.at\/index.php?rest_route=\/wp\/v2\/posts"}],"about":[{"href":"https:\/\/www.friedensplattform.at\/index.php?rest_route=\/wp\/v2\/types\/post"}],"author":[{"embeddable":true,"href":"https:\/\/www.friedensplattform.at\/index.php?rest_route=\/wp\/v2\/users\/3"}],"replies":[{"embeddable":true,"href":"https:\/\/www.friedensplattform.at\/index.php?rest_route=%2Fwp%2Fv2%2Fcomments&post=1749"}],"version-history":[{"count":0,"href":"https:\/\/www.friedensplattform.at\/index.php?rest_route=\/wp\/v2\/posts\/1749\/revisions"}],"wp:attachment":[{"href":"https:\/\/www.friedensplattform.at\/index.php?rest_route=%2Fwp%2Fv2%2Fmedia&parent=1749"}],"wp:term":[{"taxonomy":"category","embeddable":true,"href":"https:\/\/www.friedensplattform.at\/index.php?rest_route=%2Fwp%2Fv2%2Fcategories&post=1749"},{"taxonomy":"post_tag","embeddable":true,"href":"https:\/\/www.friedensplattform.at\/index.php?rest_route=%2Fwp%2Fv2%2Ftags&post=1749"}],"curies":[{"name":"wp","href":"https:\/\/api.w.org\/{rel}","templated":true}]}}