{"id":1753,"date":"2011-12-17T10:03:40","date_gmt":"2011-12-17T08:03:40","guid":{"rendered":"http:\/\/www.luxorbis.org\/friedensplattform.at\/?p=1753"},"modified":"2011-12-17T10:03:40","modified_gmt":"2011-12-17T08:03:40","slug":"weil-wir-frieden-wollen-muessen-wir-die-politik-in-die-eigenen-haende-nehmen","status":"publish","type":"post","link":"https:\/\/www.friedensplattform.at\/?p=1753","title":{"rendered":"Weil wir Frieden wollen &#8230; &#8230; m&#252;ssen wir die Politik in die eigenen H&#228;nde nehmen."},"content":{"rendered":"<p><strong>Unterst\u00fctzen Sie die Weihnachtsanzeige der Friedensbewegung!<br \/>\nHier geht es zum Text und zu den Teilnahmebedingungen:<\/strong><\/p>\n<p><strong><!--more--><\/strong>Weil wir Frieden wollen \u2026<br \/>\nWir leben in einer Zeit gr\u00f6\u00dfter Verunsicherung durch die dramatische weltweite Finanz- und Wirtschaftskrise, verbunden mit Demokratieabbau und der Androhung neuer Kriege.<br \/>\nAls Rechtfertigung f\u00fcr milit\u00e4rische Interventionen werden humanit\u00e4re Ziele vorgeschoben.<br \/>\nDen wirtschaftlich und politisch Herrschenden m\u00fcssen Kriegsabenteuer wie in Afghanistan, Irak und Libyen unm\u00f6glich gemacht werden. Milit\u00e4rischen Interventionen gegen Syrien und den Iran widersetzen wir uns.<br \/>\nWir fordern den sofortigen und bedingungslosen Abzug der Bundeswehr aus Afghanistan und von allen anderen Auslandseins\u00e4tzen. Waffenexporte sind zu verbieten. Der konfliktreiche Nahe und Mittlere Osten ist in eine atomwaffenfreie Zone umzuwandeln. Atomwaffen m\u00fcssen weltweit vernichtet werden.<br \/>\nWir stellen uns dem Werben f\u00fcr Milit\u00e4r und Krieg entgegen. Es ist f\u00fcr uns unertr\u00e4glich, dass Krieg wieder als Fortsetzung der Politik mit anderen Mitteln gelten soll. Wir bestehen auf der Einhaltung des V\u00f6lkerrechts und der UNO-Charta mit ihrem strikten Gewaltverbot.<br \/>\nAngesichts unserer Geschichte sehen wir uns in besonderem Ma\u00dfe zur Wachsamkeit verpflichtet. Das schlie\u00dft den Kampf gegen Rassismus, Neonazismus, Antisemitismus und Islamfeindlichkeit mit ein. Wir wollen Frieden, Solidarit\u00e4t, soziale Gerechtigkeit, Demokratie und \u00f6kologische Vernunft durchsetzen.<br \/>\n\u2026 m\u00fcssen wir die Politik in die eigenen H\u00e4nde nehmen.<br \/>\n\uf022&#8212;&#8212;&#8212;&#8212;&#8212;&#8212;&#8212;&#8212;&#8212;&#8212;&#8212;&#8212;&#8212;&#8212;&#8212;&#8212;&#8212;&#8212;&#8212;&#8212;&#8212;&#8212;&#8212;&#8212;&#8212;&#8212;&#8212;&#8212;&#8212;&#8212;&#8212;&#8212;&#8212;&#8212;&#8212;&#8212;&#8212;&#8212;&#8212;&#8212;&#8212;&#8212;&#8212;-\uf020Bitte einsenden an:\uf020<br \/>\nFriedens- und Zukunftswerkstatt e. V.<br \/>\nc\/o Frankfurter Gewerkschaftshaus<br \/>\nWilhelm-Leuschner-Str. 69 \u2013 77<br \/>\n60329 Frankfurt am Main<br \/>\nFax: 069 &#8211; 24249951<br \/>\nE-Mail: Frieden-und-Zukunft@t-online.de<br \/>\nDie Anzeige soll am 24. Dezember 2011 u. a. in der Frankfurter Rundschau erscheinen. (Einsendeschluss 18.12.2011)<br \/>\nIch unterst\u00fctze diese Anzeige und beteilige mich mit einer Spende an der Finanzierung (Mindestbeitrag 20,- \u20ac, Organisationen und Initiativen 40,- \u20ac). Den Betrag werde ich auf das Konto der Friedens- und Zukunftswerkstatt e.V., Kt. Nr.: 200081390 bei der Frankfurter Sparkasse 1822 (BLZ 500 502 01) unter dem Stichwort: \u201eAnzeige\u201c \u00fcberweisen.<\/p>\n<p><a href=\"http:\/\/www.ag-friedensforschung.de\/bewegung\/Weihnachtsanzeige2011.pdf\" target=\"_blank\">ag-friedensforschung.de: <\/a><\/p>\n","protected":false},"excerpt":{"rendered":"<p>Unterst\u00fctzen Sie die Weihnachtsanzeige der Friedensbewegung! Hier geht es zum Text und zu den Teilnahmebedingungen:<\/p>\n","protected":false},"author":2,"featured_media":0,"comment_status":"open","ping_status":"open","sticky":false,"template":"","format":"standard","meta":{"footnotes":""},"categories":[1],"tags":[],"class_list":["post-1753","post","type-post","status-publish","format-standard","hentry","category-allgemein"],"_links":{"self":[{"href":"https:\/\/www.friedensplattform.at\/index.php?rest_route=\/wp\/v2\/posts\/1753","targetHints":{"allow":["GET"]}}],"collection":[{"href":"https:\/\/www.friedensplattform.at\/index.php?rest_route=\/wp\/v2\/posts"}],"about":[{"href":"https:\/\/www.friedensplattform.at\/index.php?rest_route=\/wp\/v2\/types\/post"}],"author":[{"embeddable":true,"href":"https:\/\/www.friedensplattform.at\/index.php?rest_route=\/wp\/v2\/users\/2"}],"replies":[{"embeddable":true,"href":"https:\/\/www.friedensplattform.at\/index.php?rest_route=%2Fwp%2Fv2%2Fcomments&post=1753"}],"version-history":[{"count":0,"href":"https:\/\/www.friedensplattform.at\/index.php?rest_route=\/wp\/v2\/posts\/1753\/revisions"}],"wp:attachment":[{"href":"https:\/\/www.friedensplattform.at\/index.php?rest_route=%2Fwp%2Fv2%2Fmedia&parent=1753"}],"wp:term":[{"taxonomy":"category","embeddable":true,"href":"https:\/\/www.friedensplattform.at\/index.php?rest_route=%2Fwp%2Fv2%2Fcategories&post=1753"},{"taxonomy":"post_tag","embeddable":true,"href":"https:\/\/www.friedensplattform.at\/index.php?rest_route=%2Fwp%2Fv2%2Ftags&post=1753"}],"curies":[{"name":"wp","href":"https:\/\/api.w.org\/{rel}","templated":true}]}}