{"id":1798,"date":"2011-12-26T10:10:31","date_gmt":"2011-12-26T08:10:31","guid":{"rendered":"http:\/\/www.luxorbis.org\/friedensplattform.at\/?p=1798"},"modified":"2011-12-26T10:10:31","modified_gmt":"2011-12-26T08:10:31","slug":"latente-buergerkriegsgefahr-in-irak-us-truppen-hinterlassen-ethnisch-religioes-zerklueftetes-land-von-karin-leukefeld","status":"publish","type":"post","link":"https:\/\/www.friedensplattform.at\/?p=1798","title":{"rendered":"Latente B&#252;rgerkriegsgefahr in Irak US-Truppen hinterlassen ethnisch-religi&#246;s zerkl&#252;ftetes Land  Von Karin Leukefeld *"},"content":{"rendered":"<p><!--more--><\/p>\n<p>Einen Tag nach dem Abzug der letzten US-Soldaten steuert die irakische F\u00fchrung auf eine gro\u00dfe Konfrontation zu.<\/p>\n<p>Nach dem Abzug der letzten US-Truppen aus Irak am Sonntag droht dem Land  nach Einsch\u00e4tzung des Nahostexperten Jochen Hippler ein B\u00fcrgerkrieg.  \u00bbDiese Gefahr ist latent vorhanden\u00ab, sagte der Politikwissenschaftler  der Universit\u00e4t Duisburg-Essen. Er verwies auf die Auseinandersetzungen  zwischen schiitischen und sunnitischen Extremisten sowie lange  zur\u00fcckgedr\u00e4ngte Konflikte zwischen der arabischen und der kurdischen  Bev\u00f6lkerung.<\/p>\n<p>In den USA h\u00e4lt indessen die Diskussion \u00fcber in der \u00bbNew York Times\u00ab  (NYT) ver\u00f6ffentlichte Geheimprotokolle \u00fcber ein Massaker an, die ein  Reporter auf einer M\u00fcllkippe bei Bagdad gefunden hatte. Auf rund 400  Seiten sind Verh\u00f6re mit US-Marines, Fotos und handschriftliche Notizen  der Soldaten dokumentiert. Beim US-Milit\u00e4r habe man offenbar \u00bbdie  Ermordung von 24 unbewaffneten Irakern, darunter Frauen, Kinder und ein  74-j\u00e4hriger Mann im Rollstuhl als Routine\u00ab angesehen, so die NYT. Der  \u00bbVorfall\u00ab sei \u00bbder Preis f\u00fcr das Gesch\u00e4ft\u00ab, das die US-Armee in Irak zu  erledigen habe, gab der damalige Kommandeur f\u00fcr die Anbar-Region,  Generalmajor Steve Johnson zu Protokoll.<\/p>\n<p>Die 400 Seiten US-amerikanischer Geheimdokumente auf einer M\u00fcllkippe  sind symbolhaft f\u00fcr das, was die US-Armee nach fast neun Jahren Krieg  und Besatzung den Irakern hinterlassen. Am vergangenen Samstag meldete  die irakische Regierung, sie habe mit der \u00dcbergabe der  Al-Imam-Ali-Milit\u00e4rbasis bei Nasiriya nun wieder alle 505 Milit\u00e4rbasen  des Landes unter Kontrolle.<\/p>\n<p>Auf bis zu 130 000 sch\u00e4tzt die Internetplattform Iraq Body Count die  Zahl der get\u00f6teten Zivilisten seit der US-Invasion am 20. M\u00e4rz 2003.  Andere Quellen gehen von bis zu einer Million zivilen Toten aus. Mehr  als vier Millionen Iraker flohen vor der Gewalt, die meisten nach  Syrien, Jordanien, Libanon, T\u00fcrkei, Iran und in die Golfstaaten. Rund  1,5 Millionen Iraker gelten als Inlandsvertriebene.<\/p>\n<p>Die US-Besatzungsmacht zerteilte Irak nach einem ethnisch-religi\u00f6sen  Proporz und sch\u00fcrte damit Konflikte zwischen Arabern und Kurden,  zwischen Christen, Sunniten und Schiiten, analysiert der Wissenschaftler  Raidar Visser in einem Fazit f\u00fcr den \u00bbInternational Herald Tribune\u00ab.  Irak sei heute instabiler als vor zwei Jahren. Armut, Arbeitslosigkeit,  mangelnde Grundversorgung mit Strom und Wasser, schlechte Bildung,  schlechte und teure Gesundheitsversorgung haben das Land um Jahrzehnte  zur\u00fcckgeworfen. Vor der Invasion hatten 13 Jahre lang UN-Sanktionen Irak  isoliert, wirtschaftlich und sozial zerr\u00fcttet.<\/p>\n<p>Dabei basierte die Invasion Iraks auf einer L\u00fcge. Irak besa\u00df keine  Massenvernichtungswaffen. Keiner der f\u00fcr den Irak-Krieg verantwortlichen  Politiker wie George Bush oder Tony Blair musste sich jemals vor dem  Internationalen Strafgerichtshof verantworten, alle Klagen wurden  abgewiesen.<\/p>\n<p><em>* Aus: neues deutschland, 20. Dezember 2011<\/em><\/p>\n","protected":false},"excerpt":{"rendered":"","protected":false},"author":2,"featured_media":0,"comment_status":"open","ping_status":"open","sticky":false,"template":"","format":"standard","meta":{"footnotes":""},"categories":[1],"tags":[],"class_list":["post-1798","post","type-post","status-publish","format-standard","hentry","category-allgemein"],"_links":{"self":[{"href":"https:\/\/www.friedensplattform.at\/index.php?rest_route=\/wp\/v2\/posts\/1798","targetHints":{"allow":["GET"]}}],"collection":[{"href":"https:\/\/www.friedensplattform.at\/index.php?rest_route=\/wp\/v2\/posts"}],"about":[{"href":"https:\/\/www.friedensplattform.at\/index.php?rest_route=\/wp\/v2\/types\/post"}],"author":[{"embeddable":true,"href":"https:\/\/www.friedensplattform.at\/index.php?rest_route=\/wp\/v2\/users\/2"}],"replies":[{"embeddable":true,"href":"https:\/\/www.friedensplattform.at\/index.php?rest_route=%2Fwp%2Fv2%2Fcomments&post=1798"}],"version-history":[{"count":0,"href":"https:\/\/www.friedensplattform.at\/index.php?rest_route=\/wp\/v2\/posts\/1798\/revisions"}],"wp:attachment":[{"href":"https:\/\/www.friedensplattform.at\/index.php?rest_route=%2Fwp%2Fv2%2Fmedia&parent=1798"}],"wp:term":[{"taxonomy":"category","embeddable":true,"href":"https:\/\/www.friedensplattform.at\/index.php?rest_route=%2Fwp%2Fv2%2Fcategories&post=1798"},{"taxonomy":"post_tag","embeddable":true,"href":"https:\/\/www.friedensplattform.at\/index.php?rest_route=%2Fwp%2Fv2%2Ftags&post=1798"}],"curies":[{"name":"wp","href":"https:\/\/api.w.org\/{rel}","templated":true}]}}