{"id":1804,"date":"2011-12-26T10:19:56","date_gmt":"2011-12-26T08:19:56","guid":{"rendered":"http:\/\/www.luxorbis.org\/friedensplattform.at\/?p=1804"},"modified":"2011-12-26T10:19:56","modified_gmt":"2011-12-26T08:19:56","slug":"das-afrikabild-der-spendenwerber-ein-film-untersucht-die-spuren-des-kolonialismus-in-den-hilfskampagnen-fuer-afrika-von-peter-nowak","status":"publish","type":"post","link":"https:\/\/www.friedensplattform.at\/?p=1804","title":{"rendered":"Das Afrikabild der Spendenwerber Ein Film untersucht die Spuren des Kolonialismus in den Hilfskampagnen f&#252;r Afrika  Von Peter Nowak *"},"content":{"rendered":"<p><!--more-->Weihnachtszeit ist Spendenzeit. Plakate, die an Hunger und Elend in  Afrika erinnern, finden sich in diesen Tagen besonders h\u00e4ufig auf  Werbefl\u00e4chen. \u00dcber das dort vermittelte Bild von Afrika allerdings  r\u00fcmpfen Kritiker die Nase.<\/p>\n<p>\u00bbOhne Eltern f\u00e4llt das Leben schwer\u00ab, ist ein Bild \u00fcberschrieben, das  eine Mutter mit ihrem weinenden Kind zeigt. Im Hintergrund sollen  verdorrte B\u00e4ume die Folgen der D\u00fcrre in vielen L\u00e4ndern Afrikas  symbolisieren. \u00bbSch\u00fctzen Sie Zukunft\u00ab, lautet der Titel \u00fcber dem Plakat  eines schwarzen Kindes, das mit freiem Oberk\u00f6rper in die Kamera blickt.  Kinder und M\u00fctter sind h\u00e4ufige Motive auf den Plakaten, die zu Spenden  aufrufen. In der Regel werden sie in einer l\u00e4ndlichen Umgebung  fotografiert. Im Hintergrund sieht man Savannen und d\u00f6rfliche H\u00fctten.  Damit wird ein falsches Bild \u00fcber das Leben in Afrika gezeichnet, lautet  die These des Films \u00bbWhite Charity\u00ab, der vor Kurzen angelaufen ist.<\/p>\n<p>Die Filmemacher Carolin Philipp und Timo Kiesel lassen dort sowohl  Kritiker der Plakatmotive als auch Mitarbeiter von Nichtregierungs- und  Hilfsorganisationen zu Wort kommen. Herausgekommen ist ein informativer  Beitrag, der einen anderen Blick auf eine Wohlt\u00e4tigkeitsindustrie wirft,  die oft schon deshalb au\u00dferhalb jeder Kritik steht, weil sie ja einem  guten Zweck dient, wie es immer hei\u00dft.<\/p>\n<p>F\u00fcr die Schriftstellerin und Literaturdozentin an der Berliner  Humboldt-Universit\u00e4t, Grada Kilomba, reproduzieren die meisten Plakate  Klischees \u00fcber Afrika. So werde bei den Bildern von halbnackten Kindern  vor l\u00e4ndlichen H\u00fctten ausgeblendet, dass die Mehrheit der afrikanischen  Bev\u00f6lkerung l\u00e4ngst in St\u00e4dten lebt. \u00bbAusgemergelte Gestalten, die  hilfesuchend nach Europa blicken\u00ab kurbeln die Spendenbereitschaft an,  moniert die New Yorker Literaturwissenschaftlerin Peggy Piesche. Damit  habe sich das Afrikabild in den zwei Jahrhunderten kaum ge\u00e4ndert. Das  Bild vom modernen aufgekl\u00e4rten wei\u00dfen Europ\u00e4er, der mit seiner Spende  ein wenig Zivilisation nach Afrika bringt, wird auch auf mehreren der in  dem Film analysierten Plakate weiter gezeichnet.<\/p>\n<p>Sascha Decker von der Kindernothilfe, der in dem Film die Spendenwerbung  verteidigt, best\u00e4tigt allerdings die Kritiker indirekt. Seine  Vermutung, dass die Spendenbereitschaft schnell sinken w\u00fcrde, wenn statt  sp\u00e4rlich bekleideter Kinder Jugendliche in Internetcaf\u00e9s in Lagos oder  einer anderen afrikanischen Metropole auf den Plakaten pr\u00e4sentiert  w\u00fcrden, trifft sich mit deren These, dass sich ohne traurige Kinderaugen  kaum Spendengelder akquirieren lie\u00dfen. Donuta Sacher, die seit Jahren  in der NGO-Szene aktiv ist und auch f\u00fcr die Welthungerhilfe arbeitet,  spricht die Herausforderungen an, vor denen Werber f\u00fcr  Afrika-Spendenkampagnen stehen. Sie m\u00fcssen schlie\u00dflich in erster Linie  nicht das Attac-Mitglied, sondern den christlichen Handwerker und die  konservative Lehrerin ansprechen. Daher fehlen bei den Plakatmotiven  meist auch die kleinsten Hinweise auf Ursachen und Hintergr\u00fcnde von  Hunger und Elend in Afrika. K\u00f6nnten die verkr\u00fcppelten B\u00e4ume im  Hintergrund des Fotos vielleicht ihre Ursache im Umweltverhalten des  globalen Nordens haben? Diese Frage darf nat\u00fcrlich gar nicht erst  gestellt werden.<\/p>\n<p>\u00bbWir haben das Format Film gew\u00e4hlt, um komplexe Zusammenh\u00e4nge in  unterhaltsamer Form auch Menschen zu pr\u00e4sentieren, die kein Buch zum  Thema Postkolonialismus lesen w\u00fcrden\u00ab, erkl\u00e4rte Kiesel gegen\u00fcber \u00bbnd\u00ab.  Im Internet kann der Film unter www.whitecharity.de kostenlos  heruntergeladen werden. Aber auch eine DVD ist dort k\u00e4uflich zu  erwerben.<\/p>\n<p><em>* Aus: neues deutschland, 20. Dezember 2011<\/em><\/p>\n","protected":false},"excerpt":{"rendered":"","protected":false},"author":2,"featured_media":0,"comment_status":"open","ping_status":"open","sticky":false,"template":"","format":"standard","meta":{"footnotes":""},"categories":[4],"tags":[],"class_list":["post-1804","post","type-post","status-publish","format-standard","hentry","category-antirassismus"],"_links":{"self":[{"href":"https:\/\/www.friedensplattform.at\/index.php?rest_route=\/wp\/v2\/posts\/1804","targetHints":{"allow":["GET"]}}],"collection":[{"href":"https:\/\/www.friedensplattform.at\/index.php?rest_route=\/wp\/v2\/posts"}],"about":[{"href":"https:\/\/www.friedensplattform.at\/index.php?rest_route=\/wp\/v2\/types\/post"}],"author":[{"embeddable":true,"href":"https:\/\/www.friedensplattform.at\/index.php?rest_route=\/wp\/v2\/users\/2"}],"replies":[{"embeddable":true,"href":"https:\/\/www.friedensplattform.at\/index.php?rest_route=%2Fwp%2Fv2%2Fcomments&post=1804"}],"version-history":[{"count":0,"href":"https:\/\/www.friedensplattform.at\/index.php?rest_route=\/wp\/v2\/posts\/1804\/revisions"}],"wp:attachment":[{"href":"https:\/\/www.friedensplattform.at\/index.php?rest_route=%2Fwp%2Fv2%2Fmedia&parent=1804"}],"wp:term":[{"taxonomy":"category","embeddable":true,"href":"https:\/\/www.friedensplattform.at\/index.php?rest_route=%2Fwp%2Fv2%2Fcategories&post=1804"},{"taxonomy":"post_tag","embeddable":true,"href":"https:\/\/www.friedensplattform.at\/index.php?rest_route=%2Fwp%2Fv2%2Ftags&post=1804"}],"curies":[{"name":"wp","href":"https:\/\/api.w.org\/{rel}","templated":true}]}}