{"id":1833,"date":"2011-12-31T18:10:46","date_gmt":"2011-12-31T16:10:46","guid":{"rendered":"http:\/\/www.luxorbis.org\/friedensplattform.at\/?p=1833"},"modified":"2011-12-31T18:10:46","modified_gmt":"2011-12-31T16:10:46","slug":"solidar-werkstatt-linz-rundbrief-232011","status":"publish","type":"post","link":"https:\/\/www.friedensplattform.at\/?p=1833","title":{"rendered":"SOLIDAR-WERKSTATT LINZ RUNDBRIEF 23\/2011"},"content":{"rendered":"<p><!--more--><\/p>\n<p><strong><em>SOLIDAR-WERKSTATT<\/em><\/strong> <strong><em>f\u00fcr  ein solidarisches, neutrales und weltoffenes  \u00d6sterreich<\/em><\/strong> <strong><em> <\/em><\/strong> <em>Waltherstr. 15, 4020  Linz<\/em> <em>Tel. 0732\/771094, Fax  0732\/797391<\/em> <em>Mail:\u00a0<span style=\"text-decoration: underline;\"><a href=\"https:\/\/service.gmx.net\/de\/cgi\/g.fcgi\/mail\/new?CUSTOMERNO=18763540&amp;t=de1764838379.1325345244.8e50bdd3&amp;to=office%40solidarwerkstatt.at\" target=\"_parent\">office@solidarwerkstatt.at<\/a><\/span>,  Web:\u00a0<a href=\"https:\/\/service.gmx.net\/de\/cgi\/derefer?TYPE=3&amp;DEST=http%3A%2F%2Fwww.solidarwerkstatt.at\" target=\"_blank\">www.solidarwerkstatt.at<\/a><\/em> <em>Facebook:\u00a0<a href=\"https:\/\/service.gmx.net\/de\/cgi\/derefer?TYPE=3&amp;DEST=http%3A%2F%2Fwww.facebook.com%2Fsolidarwerkstatt\" target=\"_blank\">www.facebook.com\/solidarwerkstatt<\/a><\/em><\/p>\n<p><em>Wenn Sie diesen Rundbrief nicht mehr  erhalten m\u00f6chten,\u00a0einfach  ein\u00a0Vermerk\u00a0<span style=\"text-decoration: underline;\">&#8222;unsubscribe&#8220;<\/span> an <\/em><a href=\"https:\/\/service.gmx.net\/de\/cgi\/g.fcgi\/mail\/new?CUSTOMERNO=18763540&amp;t=de1764838379.1325345244.8e50bdd3&amp;to=office%40solidarwerkstatt.at\" target=\"_parent\"><em>office@solidarwerkstatt.at<\/em><\/a> <em>Dieser Rundbrief kann\u00a0auch als pdf heruntergeladen werden  von\u00a0<a href=\"https:\/\/service.gmx.net\/de\/cgi\/derefer?TYPE=3&amp;DEST=http%3A%2F%2Fwww.werkstatt.or.at%2Findex.php%3Foption%3Dcom_docman%26amp%3Btask%3Ddoc_download%26amp%3Bgid%3D152\" target=\"_blank\">http:\/\/www.werkstatt.or.at\/index.php?option=com_docman&amp;task=doc_download&amp;gid=152<\/a><\/em> <em><strong>Alles Gute  f\u00fcr 2012!<\/strong><\/em><\/p>\n<p>Liebe FreundInnen der Solidar-Werkstatt \u00d6sterreich!<\/p>\n<p><strong>Vielen  Dank f\u00fcr eure Mitarbeit und Unterst\u00fctzung im vergangenen Jahr und alles Gute f\u00fcr  2012!<br \/>\n<\/strong><a href=\"https:\/\/service.gmx.net\/de\/cgi\/derefer?TYPE=3&amp;DEST=http%3A%2F%2Fwww.werkstatt.or.at%2Findex.php%3Foption%3Dcom_content%26amp%3Btask%3Dview%26amp%3Bid%3D571%26amp%3BItemid%3D1\" target=\"_blank\">Kurzer R\u00fcckschau auf 2011 und Ausblick auf 2012 von  <strong>Norbert Bauer<\/strong>, Vorsitzender der Solidar-Werkstatt. <\/a><\/p>\n<p><strong>Werkstatt-Rundbrief Nr.  23\/2011<\/strong><\/p>\n<p><em><strong>Th<\/strong><\/em><strong><em>emen:<\/em><\/strong><br \/>\n<strong>(1) Volksabstimmung! &#8211; Keine Verschuldensbremse im  Verfassungsrang, keine Budgethoheit f\u00fcr die EU-Kommission ohne  Volksabstimmung<\/strong> <strong>(2)\u00a0Sozialabbau: O\u00d6 Landesregierung k\u00fcrzt  Wohnbeihilfe <\/strong> <strong>(3) Transit: \u201cF\u00fcr die EU ist der freie M\u00fclltransit  wichtiger als das Grundrecht auf Gesundheit\u201c <\/strong> <strong>(4) Gemeindeautonomie wieder zur\u00fcckgewinnen &#8211; Vorw\u00e4rts  in den Bundesgemeinderat! <\/strong> <strong>(5) T\u00fcrkei: Eine neue Kraft f\u00fcr den Kampf der  Unterdr\u00fcckten <\/strong> <strong>(6) Libyen: <\/strong> <strong>a) <\/strong><strong>Werkstatt-Radio &#8211; Beitrag\u00a0Warum Libyen Bombardiert wurde  zum\u00a0nachh\u00f6r\u00b4n<\/strong> <strong>b) Vortrag und Diskussion zum Krieg in  Libyen:\u00a0Informationen und Einsch\u00e4tzungen,\u00a0von\u00a0Peter Strutynski am  Di, 24. J\u00e4nner 2012 im Amerlinghaus.<br \/>\n<\/strong><strong>(7)  EU Militarisierung: &#8222;2011 war wieder ein europ\u00e4isches Jahr von Kriegen und  Militarisierung!&#8220; <\/strong> <strong>(8) Hinweise zu  weiteren Kampagnen und Projekten<\/strong> <strong>(9) Aktuelle  Kampagnen<\/strong> <strong>(10)  Termine<\/strong> <strong>(11)  Bestellungen<\/strong> <strong>(12) Videos   (13) Werkstatt-Radio <\/strong><strong>(14) Solidarwerkstatt auf  Facebook<\/strong> <strong>(15)  LeserInnenbriefe\/Gastkommentare\/Diskussion<\/strong><br \/>\n<strong>(1) <em>VOLKSABSTIMMUNG !<\/em> &#8211; Keine Verschuldensbremse im  Verfassungsrang, keine Budgethoheit f\u00fcr die EU-Kommission ohne Volksabstimmung  !<\/strong> Die Solidar-Werkstatt startet eine  <strong>ONLINE-Unterschriftenaktion <\/strong>an den  \u00f6sterreichischen Nationalrat. Wir fordern eine Volksabstimmung \u00fcber die sog.  Schuldenbremse in Verfassungsrang und \u00fcber die geplanten EU-Regeln, die die  \u00f6ffentlichen Haushalte der demokratischen Kontrolle entziehen sollen, um  brachialen Sozialabbau durchzuboxen. Bitte <a href=\"https:\/\/service.gmx.net\/de\/cgi\/derefer?TYPE=3&amp;DEST=http%3A%2F%2Fwww.solidarwerkstatt.at%2FForum%2FGegenVerschuldensbremse.php\" target=\"_blank\">hier unterst\u00fctzen<\/a> <strong> <\/strong> <em><strong>Zum Thema &#8222;Schuldenbremse&#8220; siehe  auch<\/strong><\/em> \u00dcbergang zur neoliberalen  Wirtschaftsdiktatur <a href=\"https:\/\/service.gmx.net\/de\/cgi\/derefer?TYPE=3&amp;DEST=http%3A%2F%2Fwww.werkstatt.or.at%2Findex.php%3Foption%3Dcom_content%26amp%3Btask%3Dview%26amp%3Bid%3D562%26amp%3BItemid%3D1\" target=\"_blank\"><em>Mehr lesen<\/em><\/a><\/p>\n<p>(2)<strong> Sozialabbau: O\u00d6 Landesregierung k\u00fcrzt  Wohnbeihilfe <\/strong> Die EU-Schuldenbremse wirft weitere Schatten in  Ober\u00f6sterreich voraus. Nach den K\u00fcrzungen im Gesundheitswesen und bei den  Gemeinde- und Landesbediensteten ist nun auch die Wohnbeihilfe betroffen. Mit  den Stimmen von \u00d6VP und FP\u00d6 hat die O\u00d6. Landesregierung massive K\u00fcrzungen bei  der Wohnbeihilfe beschlossen, die bei vielen Haushalten zu Einkommensk\u00fcrzungen  von \u00fcber 5% f\u00fchren. <a href=\"https:\/\/service.gmx.net\/de\/cgi\/derefer?TYPE=3&amp;DEST=http%3A%2F%2Fwww.werkstatt.or.at%2Findex.php%3Foption%3Dcom_content%26amp%3Btask%3Dview%26amp%3Bid%3D567%26amp%3BItemid%3D1\" target=\"_blank\">Mehr zu den \u00c4nderungen hier lesen<\/a> <strong>(3)  Tirol\/Transit:\u00a0<em>\u201cF\u00fcr die EU ist der freie M\u00fclltransit wichtiger als das  Grundrecht auf Gesundheit\u201c<\/em><\/strong> EU-Richter wollen sektorales Fahrverbot auf der  Inntalautobahn kippen. Seit 1994 hat der Alpentransitverkehr auf der Stra\u00dfe 10  Mal so stark zugenommen wie im Nicht-EU-Staat Schweiz. Schwere  Atemwegserkrankungen von Kindern im Tiroler Inntal haben sich seit 2002  verdoppelt. <a href=\"https:\/\/service.gmx.net\/de\/cgi\/derefer?TYPE=3&amp;DEST=http%3A%2F%2Fwww.werkstatt.or.at%2Findex.php%3Foption%3Dcom_content%26amp%3Btask%3Dview%26amp%3Bid%3D565%26amp%3BItemid%3D1\" target=\"_blank\">Zum Artikel<\/a> <strong>(4) Gemeindeautonomie wieder  zur\u00fcckgewinnen &#8211; Vorw\u00e4rts in den Bundesgemeinderat!<\/strong> Die Gemeindeautonomie ist heute nur mehr ein Schlagwort.  Mit dem \u00d6sterreichischen Stabilit\u00e4tspakt kommen die Kommunen finanziell und  politisch noch mehr unter die Knute. Rudi Schober, Solidarwerkstatt-Aktivist und  Gemeinderat in Ottensheim, fordert einen Bundes-Gemeinderat, um die  Gemeindeautonomie zur\u00fcckzugewinnen und die Verf\u00fcgung \u00fcber die \u00f6ffentlichen  Haushalte zu demokratisieren. <a href=\"https:\/\/service.gmx.net\/de\/cgi\/derefer?TYPE=3&amp;DEST=http%3A%2F%2Fwww.werkstatt.or.at%2Findex.php%3Foption%3Dcom_content%26amp%3Btask%3Dview%26amp%3Bid%3D566%26amp%3BItemid%3D1\" target=\"_blank\">Zum Artikel<\/a> <strong>(5) T\u00fcrkei: Eine neue Kraft  f\u00fcr den Kampf der Unterdr\u00fcckten <\/strong> Ein  Beitrag\u00a0\u00fcber die Neuorganisation\u00a0fortschrittlicher Kr\u00e4fte in der  T\u00fcrkei, den wir von der F\u00f6deration Demokratischer Arbeitervereine (DIDF)  erhalten haben. Die Parteien und Organisationen, die unter dem Namen \u201cBlock f\u00fcr  Arbeit, Demokratie und Freiheit\u201d in einem gemeinsamen B\u00fcndnis zur Parlamentswahl  am 12. Juni antraten und 36 Abgeordnete ins t\u00fcrkische Parlament schickten,  wollen nun eine gemeinsame Partei gr\u00fcnden. Der stellvertretende Vorsitzende der  Partei der Arbeit (EMEP) Ender Imrek, der dem Vorbereitungsausschuss angeh\u00f6rt,  im Interview mit &#8222;YeniHayat\/NeuesLeben&#8220;.  <a href=\"https:\/\/service.gmx.net\/de\/cgi\/derefer?TYPE=3&amp;DEST=http%3A%2F%2Fwww.werkstatt.or.at%2Findex.php%3Foption%3Dcom_content%26amp%3Btask%3Dview%26amp%3Bid%3D569%26amp%3BItemid%3D43\" target=\"_blank\">Zum Artikel<\/a> (6) Libyen:<br \/>\na) Werkstatt-Radio &#8211; Beitrag\u00a0&#8222;Warum  Libyen Bombardiert wurde&#8220; zum\u00a0nachh\u00f6r\u00b4n <em>Redaktion: Rudi Schober<br \/>\n<\/em>Die Sendung vom  19.12.2011mit den Themen:\u00a0 Warum wurde Libyen  bombardiert? Nein zur Schuldenbremse!;\u00a0kann jetzt nachgeh\u00f6rt  werden. <a href=\"https:\/\/service.gmx.net\/de\/cgi\/derefer?TYPE=3&amp;DEST=http%3A%2F%2Fwww.werkstatt.or.at%2Findex.php%3Foption%3Dcom_content%26amp%3Btask%3Dview%26amp%3Bid%3D557%26amp%3BItemid%3D71\" target=\"_blank\">Zur Sendung<\/a> b)\u00a0Krieg in  Libyen:\u00a0Einsch\u00e4tzung und Informationen von\u00a0<em>Peter Strutynski<\/em> am 24. J\u00e4nner 2012 in  Wien  <strong>EINLADUNG zu Vortrag  &amp; Diskussion<\/strong> Wir laden alle Interessierten herzlich zum  <strong>Vortrag und zur anschlie\u00dfenden Diskussion <\/strong>zum  Thema  <strong> <\/strong> <strong>&#8222;Krieg gegen  Libyen&#8220; <\/strong> <strong>mit\u00a0Peter Strutynski<\/strong> <em>(Politikwissenschaftler und Friedensforscher, Sprecher des Kassler  &#8222;Friedensratschlags&#8220;) <\/em> <strong>am Di, 24.  J\u00e4nner 2012, 19.00 Uhr<\/strong> <strong> ins Amerlinghaus  (Stiftgasse 8, 1070 Wien) ein.<\/strong> Eine Veranstaltung der Solidar-Werkstatt  \u00d6sterreich  <a href=\"https:\/\/service.gmx.net\/de\/cgi\/derefer?TYPE=3&amp;DEST=http%3A%2F%2Fwww.werkstatt.or.at%2Findex.php%3Foption%3Dcom_extcalendar%26amp%3BItemid%3D57%26amp%3Bextmode%3Dview%26amp%3Bextid%3D503\" target=\"_blank\">N\u00e4here Informationen hier<br \/>\n<\/a><\/p>\n<p><strong>(7) &#8222;2011 war wieder ein europ\u00e4isches Jahr von Kriegen und  Militarisierung!&#8220; <\/strong> Andreas Babler, Stadtrat in Traiskirchen und  Vorstandsmitglied der SP\u00d6 Nieder\u00f6sterreich\u00a0und Traiskirchens, kritisiert  die Militarisierung der Europ\u00e4ischen Union. Der sozialdemokratische Funktion\u00e4r  kritisiert die neue \u00f6sterreichische Sicherheitsdoktrin und fordert den R\u00fcckzug  \u00d6sterreichs von den EU-Battlegroups und den Ausstieg aus der EU-R\u00fcstungsagentur.  Sein Motto:\u00a0<em>&#8222;Es ist Zeit f\u00fcr eine aktive \u00f6sterreichische Friedens- und  Neutralit\u00e4tspolitik!&#8220;<\/em> Andreas Babler arbeitet auch in der Solidar-Werkstatt  N\u00d6 mit. <a href=\"https:\/\/service.gmx.net\/de\/cgi\/derefer?TYPE=3&amp;DEST=http%3A%2F%2Fwww.werkstatt.or.at%2Findex.php%3Foption%3Dcom_content%26amp%3Btask%3Dview%26amp%3Bid%3D570%26amp%3BItemid%3D40\" target=\"_blank\">Zum Artikel<\/a><\/p>\n<hr \/>\n<p><strong>(8) Weitere  Hinweise<\/strong> <strong> <\/strong> <strong>EINLADUNG zur <\/strong><strong>Buchpr\u00e4sentation <\/strong> <strong>Live auf  DorfTV<br \/>\n<\/strong> Wir laden alle Interessierten herzlich  ein zur Vorstellung des neuen Buches von   <strong> <\/strong> <strong>Martin  Balluch &#8222;Tiersch\u00fctzer-Staatsfeind&#8220;, In den  F\u00e4ngen von Polizei und Justiz<\/strong> <strong> <\/strong><strong>am 19. J\u00e4nner 2012 um  20:00h, <\/strong> <strong>ins\u00a0Studio von DorfTV, Br\u00fcckenkopfgeb\u00e4ude Ost  (Nibelungenbr\u00fccke), Hauptplatz, 4020 Linz<\/p>\n<p><\/strong><\/p>\n<p><strong> <\/strong>Eine  Veranstaltung von\u00a0Solidar-Werkstatt \u00d6sterreich und\u00a0Tierrechtsgruppe  Linz.   \u00a0 mehr  Infos unter: <a href=\"https:\/\/service.gmx.net\/de\/cgi\/derefer?TYPE=3&amp;DEST=http%3A%2F%2Fwww.werkstatt.or.at%2Findex.php%3Foption%3Dcom_content%26amp%3Btask%3Dview%26amp%3Bid%3D557%26amp%3BItemid%3D71\" target=\"_blank\">http:\/\/www.werkstatt.or.at\/index.php?option=com_content&amp;task=view&amp;id=557&amp;Itemid=71<\/a> &#8212;  \u00a0 <strong>Presse- und Meinungsfreiheit in der T\u00fcrkei verteidigen! <\/strong> <em>Die F\u00f6deration  Demokratischer Arbeitervereine (DIDF) verurteilt die j\u00fcngste Verhaftungswelle  gegen Journalisten in der T\u00fcrkei, die einer Aufhebung der Pressefreiheit  gleichkommt und erkl\u00e4rt sich mit den Inhaftierten solidarisch. <\/em><em><a href=\"https:\/\/service.gmx.net\/de\/cgi\/derefer?TYPE=3&amp;DEST=http%3A%2F%2Fwww.werkstatt.or.at%2Findex.php%3Foption%3Dcom_content%26amp%3Btask%3Dview%26amp%3Bid%3D568%26amp%3BItemid%3D43\" target=\"_blank\">Zum Inhalt<\/a><\/em> <strong>Solidarit\u00e4t  ist mehr als ein Wort &#8211; Amerlinghaus bleibt! <\/strong> Das Amerlinghaus, ein Ort vieler  kritischer Veranstaltungen, ist den Rathausspitzen offensichtlich ein Dorn im  Auge. \u00dcber die finanzielle Austrocknung sollte das Kulturzentrum Spittelberg im  Amerlinghaus in der jetzigen Form abgew\u00fcrgt werden.\u00a0Durch  breiten\u00a0Widerstand und\u00a0eine Welle der Solidarit\u00e4t\u00a0konnten diese  Pl\u00e4ne der\u00a0Wiener Stadtregierung &#8211; zumindest vorerst &#8211; abgewehrt werden. Wir  bringen einen Brief der Betreiber des Kulturzentrums im Amerlinghaus. <a href=\"https:\/\/service.gmx.net\/de\/cgi\/derefer?TYPE=3&amp;DEST=http%3A%2F%2Fwww.werkstatt.or.at%2Findex.php%3Foption%3Dcom_content%26amp%3Btask%3Dview%26amp%3Bid%3D573%26amp%3BItemid%3D45\" target=\"_blank\">Zum Brief<strong><\/strong><\/a> <strong><em>Das n\u00e4chste WERKSTATT<\/em><\/strong><strong><em>-Blatt\u00a0(guernica) <\/em><em>erscheint im<\/em> J\u00e4nner  2012<\/strong> <strong><\/strong><strong>&gt; Es gibt noch die M\u00f6glichkeit  Einschaltungen\/Inserate\u00a0zu platzieren, Abos und Geschenkabos zu  bestellen.<\/strong> <strong><\/strong> <strong><\/strong> <strong>Inserate\/Einschaltungen:<\/strong> Anfragen  nehmen wir gerne per Mail bzw. Telefon unter\u00a0<a href=\"https:\/\/service.gmx.net\/de\/cgi\/g.fcgi\/mail\/new?CUSTOMERNO=18763540&amp;t=de1764838379.1325345244.8e50bdd3&amp;to=office%40solidarwerkstatt.at\" target=\"_parent\">office@solidarwerkstatt.at<\/a>; bzw. Tel.: 0732\/771094  entgegen.  \u00a0  <em><strong>Ein  Abo f\u00fcr mich und eins f\u00fcr ?? Die Geschenkidee: Ein  Abo des WERKSTATT-Blatts!<\/strong><\/em><\/p>\n<p>Kleine Geschenke erhalten schlie\u00dflich die Freundschaft. Auch Freunde,  Familie teilhaben lassen an den Inhalten des Werkstatt-Blattes. Jedes Abo ist  ein wichtiger Beitrag, und M\u00f6glichkeit  unsere\u00a0parteiunabh\u00e4ngige\u00a0Arbeit\u00a0direkt zu unterst\u00fctzen.<\/p>\n<p>Wir  wollen daher darauf aufmerksam machen, dass es auch m\u00f6glich ist, ein Abonnement  des <strong>WERKSTATT-Blatts<\/strong> zu  verschenken.\u00a0Ein\u00a0<strong>10-Nummern-Abo<\/strong> gibt es  f\u00fcr\u00a0<strong>Euro 9,- <\/strong>und\u00a0ein\u00a0<strong>5  Nummern-Abo<\/strong> <strong>Euro 5,-<\/strong> ein\u00a0Probeexemplar\u00a0schicken auch wir gerne  kostenlos zu. F\u00fcr Mitglieder und  AbonnentInnen stellen wir auf Spendenbasis gerne mehrere Exemplare zum  Weiterverteilen zur Verf\u00fcgung!<\/p>\n<p><strong><em>Bestellen wo und wie?<\/em><\/strong><\/p>\n<p>Mit dem Vermerk <strong>&#8222;Abo&#8220;; &#8222;Geschenk-Abo&#8220; oder  &#8222;Probeabo&#8220;<\/strong> unter <a href=\"https:\/\/service.gmx.net\/de\/cgi\/g.fcgi\/mail\/new?CUSTOMERNO=18763540&amp;t=de1764838379.1325345244.8e50bdd3&amp;to=office%40solidarwerkstatt.at\" target=\"_parent\">office@solidarwerkstatt.at<\/a>;<\/p>\n<p>bzw. per Tel.: 0732 77 10 94; oder per Post an:  Solidar-Werkstatt-\u00d6sterreich, Waltherstra\u00dfe 15, 4020 Linz.<\/p>\n<p>Bitte bei Zahlung Name und Adresse deutlich anf\u00fchren, damit  Lieferung auch an die richtige Adresse kommt! Bei Geschenks-Abo\u00b4s bitte sowohl  den eigenen Namen und Adresse als auch den des\/der Beschenkten.  Unsere Bankverbindung: KT.Nr.  6.274.146; Blz. 34 777. <strong>Vielen Dank!<\/strong><br \/>\n<strong>(9)\u00a0Aktuelle  Kampagnen<\/strong><\/p>\n<p><strong> <\/strong><\/p>\n<p><strong><\/strong><\/p>\n<p><a href=\"https:\/\/service.gmx.net\/de\/cgi\/derefer?TYPE=3&amp;DEST=\" target=\"_blank\"><strong>Online-Unterschriftenaktion<\/strong><\/a> <strong>&#8222;<\/strong><strong>Volksabstimmung!  &#8211;\u00a0KEINE Verschuldensbremse im Verfassungsrang,\u00a0KEINE Budgethoheit f\u00fcr  die EU-Kommission ohne Volksabstimmung!&#8220;<\/strong><\/p>\n<p>Die Solidar-Werkstatt startet eine ONLINE-Unterschriftenaktion an den \u00f6sterreichischen  Nationalrat. F\u00fcr eine Volksabstimmung \u00fcber die sog. Schuldenbremse in  Verfassungsrang und die geplanten EU-Regeln, die die \u00f6ffentlichen Haushalte der  demokratischen Kontrolle entziehen sollen. Bitte <a href=\"https:\/\/service.gmx.net\/de\/cgi\/derefer?TYPE=3&amp;DEST=http%3A%2F%2Fwww.solidarwerkstatt.at%2FForum%2FGegenVerschuldensbremse.php\" target=\"_blank\">hier unterst\u00fctzen<\/a><\/p>\n<p><a href=\"https:\/\/service.gmx.net\/de\/cgi\/derefer?TYPE=3&amp;DEST=\" target=\"_blank\"><strong>Online-Unterschriftenaktion<\/strong><\/a><strong> <\/strong><strong> &#8222;Heimpreiserh\u00f6hungen  verhindern &#8211; Investitionsf\u00f6rderung wieder zur Verf\u00fcgung  stellen!&#8220;<\/strong> Setzen wir uns gemeinsam  gegen diese Einsparungen ein! Zeigen wir Solidarit\u00e4t mit jenen, die in  StudentInnenheimen wohnen. Zimmer in Studierendenheimen m\u00fcssen leistbar bleiben  und notwendige Investitionen wie z.B. in Renovierungen m\u00fcssen gemacht werden  k\u00f6nnen. <a href=\"https:\/\/service.gmx.net\/de\/cgi\/derefer?TYPE=3&amp;DEST=http%3A%2F%2Fwww.solidarwerkstatt.at%2FForum%2FHeime.php\" target=\"_blank\">Hier Online unterschreiben!<\/a><\/p>\n<p><strong><br \/>\nParlamentarische  B\u00fcrgerInnen-Initiative <\/strong><strong>&#8222;Pflege in die  Sozialversicherung!&#8220;<\/strong><\/p>\n<p>Wie kann es sein, dass eine Steigerung der Autoproduktion und der  Bankdienstleitstungen als &#8222;Erfolg&#8220;, eine Steigerung der Ausgaben f\u00fcr Pflege aber  als Belastung empfunden wird. Wir sagen: Die Skandalisierung der Pflegekosten  ist der wirkliche Skandal! <a href=\"https:\/\/service.gmx.net\/de\/cgi\/derefer?TYPE=3&amp;DEST=http%3A%2F%2Fwww.werkstatt.or.at%2Findex.php%3Foption%3Dcom_content%26amp%3Btask%3Dview%26amp%3Bid%3D354%26amp%3BItemid%3D98\" target=\"_blank\">Hier  Hintergrundinformationen<\/a>;<br \/>\nzu\u00a0&#8222;Pflege in die  Sozialversicherung!&#8220;\u00a0&#8211; hier\u00a0<a href=\"https:\/\/service.gmx.net\/de\/cgi\/derefer?TYPE=3&amp;DEST=http%3A%2F%2Fwww.werkstatt.or.at%2FForum%2FPetitionPflege.php\" target=\"_blank\">ONLINE<\/a> unterst\u00fctzen!<\/p>\n<p><strong><\/strong> <strong>Tagebuch  EU-Militarisierung<\/strong><br \/>\nIn der\u00a0<strong>Rubrik<\/strong> \u201eTagebuch EU-Militarisierung\u201c  dokumentieren wir auf unserer Homepage regelm\u00e4\u00dfig die kleinen und gro\u00dfen  Schritte der EU auf dem Weg zur milit\u00e4rischen Supermacht. Hier der Zeitraum  2011.\u00a0<a href=\"https:\/\/service.gmx.net\/de\/cgi\/derefer?TYPE=3&amp;DEST=http%3A%2F%2Fwww.werkstatt.or.at%2Findex.php%3Foption%3Dcom_content%26amp%3Btask%3Dview%26amp%3Bid%3D460%26amp%3BItemid%3D40\" target=\"_blank\">Hier informieren!<br \/>\n<\/a><br \/>\n<strong>Free the  Five!<\/strong> Online-Unterschriftenaktion an die \u00f6sterreichische  Bundesregierung zur Freilassung der f\u00fcnf Kubaner, die in einem\u00a0<em>&#8222;\u00e4u\u00dferst  unfairem Prozess&#8220;<\/em> (Amnesty International) in den USA zum Teil zu  lebenslangen Gef\u00e4ngnisstrafen verurteilt wurden, weil sie Terroranschl\u00e4ge gegen  Kuba vereiteln halfen. Mehr <a href=\"https:\/\/service.gmx.net\/de\/cgi\/derefer?TYPE=3&amp;DEST=http%3A%2F%2Fwww.werkstatt.or.at%2Findex.php%3Foption%3Dcom_content%26amp%3Btask%3Dview%26amp%3Bid%3D548%26amp%3BItemid%3D43\" target=\"_blank\">dazu hier<br \/>\n<\/a><strong><br \/>\nGlosse:  <em>&#8222;<\/em><em>\u00dcber der  G\u00fcrtellinie&#8220;<\/em><\/strong> Unter der  Rubrik &#8222;Gastbeitr\u00e4ge&#8220;: eine Reihe mit Glossen des Musikers\/Autors Herwig Srobl  unter dem Titel &#8222;\u00dcber der G\u00fcrtellinie&#8220; Zu den  <a href=\"https:\/\/service.gmx.net\/de\/cgi\/derefer?TYPE=3&amp;DEST=http%3A%2F%2Fwww.werkstatt.or.at%2Findex.php%3Foption%3Dcom_content%26amp%3Btask%3Dview%26amp%3Bid%3D488%26amp%3BItemid%3D92\" target=\"_blank\">Glossen<\/a> <strong><br \/>\n(10)  Termine<\/strong><\/p>\n<p>aktuelle\u00a0Termin\u00fcbersicht  siehe unter\u00a0<a href=\"https:\/\/service.gmx.net\/de\/cgi\/derefer?TYPE=3&amp;DEST=http%3A%2F%2Fwww.solidarwerkstatt.at\" target=\"_blank\">www.solidarwerkstatt.at<\/a> (rechts\u00a0unten,\u00a0bei &#8222;<a href=\"https:\/\/service.gmx.net\/de\/cgi\/derefer?TYPE=3&amp;DEST=http%3A%2F%2Fwww.werkstatt.or.at%2Findex.php%3Foption%3Dcom_frontpage%26amp%3BItemid%3D1\" target=\"_blank\">Termine&#8220;)<\/a><br \/>\n<strong>(11)  Bestellungen<\/strong> B\u00fccher, Brosch\u00fcren, Werkstattmaterialien, k\u00f6nnen hier  bestellt werden: <a href=\"https:\/\/service.gmx.net\/de\/cgi\/derefer?TYPE=3&amp;DEST=http%3A%2F%2Fwww.werkstatt.or.at%2Findex.php%3Foption%3Dcom_content%26amp%3Btask%3Dblogcategory%26amp%3Bid%3D30%26amp%3BItemid%3D50\" target=\"_blank\">http:\/\/www.werkstatt.or.at\/index.php?option=com_content&amp;task=blogcategory&amp;id=30&amp;Itemid=50<\/a><\/p>\n<p><strong><\/strong><br \/>\n<strong>Plakate, Pickerl und Postkarten<\/strong> des  Titelmotivs der\u00a0<strong>Werkstatt-Blat-Beilage  &#8222;Laokoon&#8220;<\/strong> ringen mit der\u00a0EU,\u00a0gibt es  auch\u00a0f\u00fcr zu Hause oder zum Weiterverschenken. Bestellen per  Mail:\u00a0<a href=\"https:\/\/service.gmx.net\/de\/cgi\/g.fcgi\/mail\/new?CUSTOMERNO=18763540&amp;t=de1764838379.1325345244.8e50bdd3&amp;to=office%40solidarwerkstatt.at\" target=\"_parent\">office@solidarwerkstatt.at<\/a> oder\u00a0\u00a0per Tel.: 0732\/771094. \u00dcber eine Spende  w\u00fcrden wir uns sehr freuen.<strong> <\/strong><a href=\"https:\/\/service.gmx.net\/de\/cgi\/derefer?TYPE=3&amp;DEST=http%3A%2F%2Fwww.werkstatt.or.at%2Findex.php%3Foption%3Dcom_content%26amp%3Btask%3Dblogcategory%26amp%3Bid%3D30%26amp%3BItemid%3D50\" target=\"_blank\">Hier ansehen!<\/a> <strong><\/strong> <em><\/em> <strong>(12) Videos<\/strong> auf:\u00a0<a href=\"https:\/\/service.gmx.net\/de\/cgi\/derefer?TYPE=3&amp;DEST=http%3A%2F%2Fwww.werkstatt.or.at%2Findex.php%3Foption%3Dcom_content%26amp%3Btask%3Dblogcategory%26amp%3Bid%3D51%26amp%3BItemid%3D71\" target=\"_blank\">http:\/\/www.werkstatt.or.at\/index.php?option=com_content&amp;task=blogcategory&amp;id=51&amp;Itemid=71<\/a><br \/>\n<strong><br \/>\n(13) Radio:\u00a0&#8222;<\/strong><strong>Werkstatt-Radio&#8220; <\/strong> Solidar-Werkstatt auf  Radio FRO  \u00a0  <strong><\/strong><strong><em>einfach zum  Reinh\u00f6r`n<\/em><\/strong> <strong><em><\/em><\/strong> <strong> &gt;  jeden 3. Montag im Monat, von 19:00h bis 20:00h und <\/strong><strong>jeden 3. Dienstag im Monat, 14 &#8211; 15 Uhr  (Wiederholung)<\/strong><\/p>\n<p><strong> <\/strong><\/p>\n<p><strong><\/strong><strong><strong><strong>&lt;(((  psst! Weitersagen!<br \/>\n<\/strong><\/strong><\/strong> <strong>Sendungen nun auch zum  Nachh\u00f6r\u00b4n<br \/>\n<\/strong><strong>21.11.2011 <\/strong><a title=\"hier\" href=\"https:\/\/service.gmx.net\/de\/cgi\/derefer?TYPE=3&amp;DEST=http%3A%2F%2Fcba.fro.at%2F52948\" target=\"_blank\"><strong>hier<\/strong><\/a> Themen:  u.a. Schlie\u00dfung des Postamtes Ansfelden, Streichung der F\u00f6rderungen f\u00fcr  Studierendenheime, Pflege in die Sozialversicherung, &#8230;<br \/>\n<strong>19.12.2011 <\/strong><a href=\"https:\/\/service.gmx.net\/de\/cgi\/derefer?TYPE=3&amp;DEST=http%3A%2F%2Fwww.fro.at%2Fondemand%2Findex.php%3Fid%3D53337%26amp%3Bsid%3D1331\" target=\"_blank\"><strong>hier<\/strong><\/a> Themen: u.a. Warum wurde Libyen  bombardiert? Nein zur Schuldenbremse!<\/p>\n<p><strong>Die n\u00e4chsten  Sendetermine<br \/>\n<\/strong>16. Jan.  live\u00a0 \u00a0 von 19 &#8211; 20 Uhr<br \/>\n17. Jan. Wdh. von 14 &#8211; 15  Uhr<br \/>\n<strong>Empfang<\/strong> Gro\u00dfraum Linz auf 105.0 MHz<br \/>\nIm  LIWEST-Kabel auf 95,6 MHz<br \/>\n<strong>Weltweit via Livestream unter\u00a0<a href=\"https:\/\/service.gmx.net\/de\/cgi\/derefer?TYPE=3&amp;DEST=http%3A%2F%2Fwww.fro.at%2Flivestream\" target=\"_blank\">www.fro.at\/livestream<\/a><\/strong> <strong><\/strong> <strong>(14)  Solidarwerkstatt auf Facebook<\/strong> Wir freuen uns auch \u00fcber  Kontakt auf:\u00a0<a href=\"https:\/\/service.gmx.net\/de\/cgi\/derefer?TYPE=3&amp;DEST=https%3A%2F%2Fwww.facebook.com%2Fsolidarwerkstatt\" target=\"_blank\">https:\/\/www.facebook.com\/solidarwerkstatt<\/a><\/p>\n<p><strong>Sich  informieren, mitdiskutieren, kommentieren auch auf unseren Themenseiten: bitte  liken! Wir freuen uns auf euren Besuch und Kommentar auf<\/strong><\/p>\n<ul>\n<li> <strong><a href=\"https:\/\/service.gmx.net\/de\/cgi\/derefer?TYPE=3&amp;DEST=http%3A%2F%2Fwww.facebook.com%2Fpages%2FF%FCr-eine-echte-Gesamtschule%2F171412246275852\" target=\"_blank\">F\u00fcr eine echte    Gesamtschule<\/a><\/strong><\/li>\n<li> <strong><a href=\"https:\/\/service.gmx.net\/de\/cgi\/derefer?TYPE=3&amp;DEST=http%3A%2F%2Fwww.facebook.com%2Fpages%2FPflege-in-die-Sozialversicherung%2F155039651215758\" target=\"_blank\">Pflege in die    Sozialversicherung<\/a><\/strong><\/li>\n<li> <strong><a href=\"https:\/\/service.gmx.net\/de\/cgi\/derefer?TYPE=3&amp;DEST=http%3A%2F%2Fwww.facebook.com%2Fpages%2FH%F6chste-Eisenbahn-F%FCr-eine-Verkehrswende%2F195777573773676\" target=\"_blank\">H\u00f6chste Eisenbahn f\u00fcr eine    Verkehrswende<\/a><\/strong><\/li>\n<li> <strong><a href=\"https:\/\/service.gmx.net\/de\/cgi\/derefer?TYPE=3&amp;DEST=http%3A%2F%2Fwww.facebook.com%2Fpages%2FNeutralit%E4t-statt-Berufsheer-und-EU-Kampftruppen%2F154183201307067%3Fref%3Dpb\" target=\"_blank\">Neutralit\u00e4t statt Berufsheer und    EU-Kampftruppen<\/a><\/strong><\/li>\n<\/ul>\n<p><strong>(15)  LeserInnen-Briefe\/Diskussionen\/Gastkommentare<\/strong> Wir freuen uns \u00fcber  Ihre\/Deine Beitr\u00e4ge &#8211; Kritik, Lob, Anregungen, Kommentare, Neuigkeiten, usw.  Vielen Dank! Sh.\u00a0<a href=\"https:\/\/service.gmx.net\/de\/cgi\/derefer?TYPE=3&amp;DEST=http%3A%2F%2Fwww.werkstatt.or.at%2Findex.php%3Foption%3Dcom_content%26amp%3Btask%3Dblogcategory%26amp%3Bid%3D65%26amp%3BItemid%3D92\" target=\"_blank\"><\/a><a href=\"https:\/\/service.gmx.net\/de\/cgi\/derefer?TYPE=3&amp;DEST=http%3A%2F%2Fwww.werkstatt.or.at%2Findex.php%3Foption%3Dcom_content%26amp%3Btask%3Dblogcategory%26amp%3Bid%3D65%26amp%3BItemid%3D92\" target=\"_blank\">http:\/\/www.werkstatt.or.at\/index.php?option=com_content&amp;task=blogcategory&amp;id=65&amp;Itemid=92<\/a><\/p>\n<p>&#8212;&#8212;&#8212;&#8212;&#8212;&#8212;&#8212;&#8212;&#8212;&#8212;&#8212;&#8212;&#8212;&#8212;&#8212;&#8212;&#8212;&#8212;&#8212;&#8212;&#8212;&#8212;&#8212;&#8212;&#8212;&#8212;&#8212;&#8212;&#8212;&#8212;&#8212;&#8212;&#8212;&#8212;&#8212;&#8212;&#8212;&#8212;&#8212;&#8212;&#8212;&#8212;&#8212;&#8212;&#8212;&#8212;&#8212;&#8212;&#8212;&#8212;&#8212;&#8212;&#8212;&#8212;&#8212;&#8212;&#8212;&#8211;<\/p>\n<p>Die Arbeit  der\u00a0Solidar-Werkstatt  \u00d6sterreich\u00a0erfordert nicht  nur viel Engagement und Zeit, sie kostet auch Geld. F\u00fcr Alle, die unsere  T\u00e4tigkeit auch finanziell unterst\u00fctzen m\u00f6chten hier gerne unsere  Bankdaten:\u00a0Solidar-Werkstatt  \u00d6sterreich, Kt.Nr.  6274146, BLZ 34777, Raiffeisenbank Perg. Besonders freuen wir uns \u00fcber  Dauerauftr\u00e4ge, da diese die Planung unserer Projekte und Aktionen  erleichtert.   <strong><em><\/em><\/strong> <strong><em>Vielen Dank  f\u00fcr Eure\/Ihre Unterst\u00fctzung und w\u00fcnschen Euch\/Ihnen ein gutes Jahr  2012!<\/em><\/strong> <strong><em><\/em><\/strong> <strong><em>Euer\/Ihr  Werkstatt-Team<\/em><\/strong><\/p>\n","protected":false},"excerpt":{"rendered":"","protected":false},"author":2,"featured_media":0,"comment_status":"open","ping_status":"open","sticky":false,"template":"","format":"standard","meta":{"footnotes":""},"categories":[1],"tags":[],"class_list":["post-1833","post","type-post","status-publish","format-standard","hentry","category-allgemein"],"_links":{"self":[{"href":"https:\/\/www.friedensplattform.at\/index.php?rest_route=\/wp\/v2\/posts\/1833","targetHints":{"allow":["GET"]}}],"collection":[{"href":"https:\/\/www.friedensplattform.at\/index.php?rest_route=\/wp\/v2\/posts"}],"about":[{"href":"https:\/\/www.friedensplattform.at\/index.php?rest_route=\/wp\/v2\/types\/post"}],"author":[{"embeddable":true,"href":"https:\/\/www.friedensplattform.at\/index.php?rest_route=\/wp\/v2\/users\/2"}],"replies":[{"embeddable":true,"href":"https:\/\/www.friedensplattform.at\/index.php?rest_route=%2Fwp%2Fv2%2Fcomments&post=1833"}],"version-history":[{"count":0,"href":"https:\/\/www.friedensplattform.at\/index.php?rest_route=\/wp\/v2\/posts\/1833\/revisions"}],"wp:attachment":[{"href":"https:\/\/www.friedensplattform.at\/index.php?rest_route=%2Fwp%2Fv2%2Fmedia&parent=1833"}],"wp:term":[{"taxonomy":"category","embeddable":true,"href":"https:\/\/www.friedensplattform.at\/index.php?rest_route=%2Fwp%2Fv2%2Fcategories&post=1833"},{"taxonomy":"post_tag","embeddable":true,"href":"https:\/\/www.friedensplattform.at\/index.php?rest_route=%2Fwp%2Fv2%2Ftags&post=1833"}],"curies":[{"name":"wp","href":"https:\/\/api.w.org\/{rel}","templated":true}]}}