{"id":1836,"date":"2012-01-06T10:59:12","date_gmt":"2012-01-06T08:59:12","guid":{"rendered":"http:\/\/www.luxorbis.org\/friedensplattform.at\/?p=1836"},"modified":"2012-01-06T10:59:12","modified_gmt":"2012-01-06T08:59:12","slug":"warten-bis-der-irre-die-bombe-hat-wie-kriege-vorbereitet-werden-schlagzeilen-der-bild-zeitung-von-2005-bis-2011","status":"publish","type":"post","link":"https:\/\/www.friedensplattform.at\/?p=1836","title":{"rendered":"Warten, bis der Irre die Bombe hat? Wie Kriege vorbereitet werden: Schlagzeilen der BILD-Zeitung von 2005 bis 2011"},"content":{"rendered":"<p><strong><em>Wie sich die Bilder gleichen: In den 90er Jahren wurde der damalige  jugoslawische und sp\u00e4tere serbische Pr\u00e4sident Milosevic von den  West-Medien zum Hitler des Balkan erkl\u00e4rt,&#8230;&#8230;&#8230;<\/em><\/strong><\/p>\n<p><strong><em><!--more--><\/em><\/strong><\/p>\n<p><em>der seine Gewaltherrschaft auf dem ganzen Balkan ausdehnen w\u00fcrde und,  nachdem dies mit der Abspaltung von Slowenien, Kroatien, Makedonien und  Bosnien-Herzegowina und schlie\u00dflich Montenegro nicht mehr m\u00f6glich war,  die unterdr\u00fcckte albanischen Kosovaren vertreiben und vernichten wollte.  Im M\u00e4rz 1999 begann die NATO ihren Luftkrieg gegen Serbien, um diese  &#8222;humanit\u00e4re Katastrophe&#8220; zu verhindern. Das Ergebnis ist bekannt.<\/em><\/p>\n<p><em>2002\/03 wurde dem autorit\u00e4ren Herrscher in Bagdad, Saddam Hussein, die  selbe Rolle verpasst. Der &#8222;Hitler des Nahen Ostens&#8220; bedrohe mit seinen  Massenvernichtungswaffen Israel und die \u00fcbrige Welt. Im M\u00e4rz 2003  begannen die USA und Gro\u00dfbritannien, unterst\u00fctzt von einer Koalition der  Willigen, den Krieg gegen Irak.<\/p>\n<p>In den letzten Jahren wurde uns mit dem iranischen Pr\u00e4sidenten  Ahmadinedschad ein neuer &#8222;Irrer&#8220; pr\u00e4sentiert, von dem die Welt lieber  heute als morgen befreit werden m\u00fcsse. Ahmadinedschad baue an der  Atombombe, bedrohe Israel mit der vollst\u00e4ndigen Vernichtung und stelle  dar\u00fcber hinaus auch f\u00fcr Europa eine Gefahr dar. In den letzten Wochen  und Tagen des alten Jahres (2011) mehren sich die Anzeichen, dass  Staaten wie Israel ein Interesse an der Eskalation der Situation haben  und dass im Falle eines israelischen Angriffs (der dann mit Sicherheit  &#8222;Pr\u00e4ventivschlag&#8220; genannt wird) auf den Iran der Westen voller  Verst\u00e4ndnis, vielleicht auch erleichert sein w\u00fcrde, dass endlich etwas  geschehe, um den &#8222;Verr\u00fcckten&#8220; aus dem Amt zu jagen.<\/p>\n<p>Der politischen und milit\u00e4rischen Eskalation geht die sprachliche  Eskalation voraus. So gesehen ist es tats\u00e4chlich zwei Minuten vor Zw\u00f6lf.  Es bleibt nicht mehr viel Zeit, dem drohenden Krieg Einhalt zu  gebieten.<\/p>\n<p><\/em><\/p>\n<p><em>Im Folgenden dokumentieren wir eine von Knut Mellenthin zusammen  getragene und in der &#8222;jungen Welt&#8220; vom 31. Dezember 2011 ver\u00f6ffentlichte  Sammlung einschl\u00e4giger BILD-Schlagzeilen der letzten Jahre. (Pst)<\/em><\/p>\n<h2>Die Irren von Springer<\/h2>\n<p>\u00bbDer gef\u00e4hrlichste Mann der Welt \u2013 Er will Israel vernichten \u2013 Er baut  die Atombombe \u2013 St\u00fcrzt er uns in den n\u00e4chsten Krieg?\u00ab (Bild, 15.  Dezember 2005)<\/p>\n<p>\u00bbAtomwaffen! Wirtschaftsboykott! Ha\u00dfpredigten! Irans irrer Pr\u00e4sident  erpre\u00dft den Westen \u2013 R\u00fcckt die Kriegs-Gefahr immer n\u00e4her?\u00ab (Bild, 23.  Januar 2006)<\/p>\n<p>\u00bbIran setzt Uran-Anreicherung fort \u2013 USA drohen mit Milit\u00e4rschlag \u2013  Stoppt diese Bombe die Atom-Mullahs?\u00ab (Bild, 16. Februar 2006)<\/p>\n<p>\u00bbEr droht, die Atomkontrolleure aus dem Land zu werfen \u2013 Ist der Irre  aus Teheran so gef\u00e4hrlich wie Hitler?\u00ab (Bild, 19. Februar 2006)<\/p>\n<p>\u00bbDer Irre von Teheran \u2013 Wie gef\u00e4hrlich sind seine Fu\u00dfballfans? \u2013  Politiker fordern strengste Einreisekontrollen bei der WM\u00ab (Bild, 23.  April 2006)<\/p>\n<p>\u00bbNach der Pr\u00e4sidentschaftswahl \u2013 Jetzt wird der Iran die Atombombe bauen\u00ab (Bild, 15. Juni 2009)<\/p>\n<p>\u00bbHat der Iran in sechs Monaten die Atombombe? \u2013 BND-Experten:  Entwicklung nicht mehr zu stoppen \u2013 Welche Gefahr lauert auf Israel?\u00ab  (Bild, 3. August 2009)<\/p>\n<p>\u00bbJetzt hat der Irre von Teheran Pl\u00e4ne f\u00fcr Atomsprengk\u00f6pfe! \u2013  Ex-Sowjetwissenschaftler soll mit geheimen Informationen geholfen haben\u00ab  (Bild, 5. Februar 2010)<\/p>\n<p>\u00bbAtomstreit mit Iran \u2013 Kann die Bombe auch uns treffen?\u00ab (Bild, 8. Februar 2010)<\/p>\n<p>\u00bbAtomdiktator schockt die Welt &#8211; Ahmadinedschad verk\u00fcndet: Uran auf 20 Prozent angereichert\u00ab (Bild, 11. Februar 2010)<\/p>\n<p>\u00bbNun ist es offiziell: Der Iran baut an Atomsprengk\u00f6pfen, will die Welt mit Massenmord bedrohen!\u00ab (Bild, 18. Februar 2010)<\/p>\n<p>\u00bbWann stoppt die Welt endlich die Iran-Raketen? \u2013 Wissenschaftler zu CIA  \u00fcbergelaufen \u2013 Verr\u00e4t er Ahmadinedschads Atompl\u00e4ne?\u00ab (Bild, 31. M\u00e4rz  2010)<\/p>\n<p>\u00bbGestern Atomkraftwerk, heute Kriegsflugzeug \u2013 Irrer von Teheran droht  mit erster eigenen Bomben-Drohne \u2013 Wie gef\u00e4hrlich wird Irans Diktator  Mahmud Ahmadinedschad?\u00ab (Bild, 22. August 2010)<\/p>\n<p>\u00bbIrans Atombombe fast fertig \u2013 Gibt es noch dieses Jahr Krieg?\u00ab (Bild, 8. November 2011)<\/p>\n<p>\u00bbSchockbericht der Atomaufsicht \u2013 Darum drohen die Iraner wirklich mit der Bombe\u00ab (Bild, 12. November 2011)<\/p>\n<p><em>Quelle: junge Welt, 31. Dezember 2011<\/em><\/p>\n<p>http:\/\/ag-friedensforschung.de\/regionen\/Iran\/bild.html<\/p>\n","protected":false},"excerpt":{"rendered":"<p>Wie sich die Bilder gleichen: In den 90er Jahren wurde der damalige jugoslawische und sp\u00e4tere serbische Pr\u00e4sident Milosevic von den West-Medien zum Hitler des Balkan erkl\u00e4rt,&#8230;&#8230;&#8230;<\/p>\n","protected":false},"author":2,"featured_media":0,"comment_status":"open","ping_status":"open","sticky":false,"template":"","format":"standard","meta":{"footnotes":""},"categories":[1],"tags":[],"class_list":["post-1836","post","type-post","status-publish","format-standard","hentry","category-allgemein"],"_links":{"self":[{"href":"https:\/\/www.friedensplattform.at\/index.php?rest_route=\/wp\/v2\/posts\/1836","targetHints":{"allow":["GET"]}}],"collection":[{"href":"https:\/\/www.friedensplattform.at\/index.php?rest_route=\/wp\/v2\/posts"}],"about":[{"href":"https:\/\/www.friedensplattform.at\/index.php?rest_route=\/wp\/v2\/types\/post"}],"author":[{"embeddable":true,"href":"https:\/\/www.friedensplattform.at\/index.php?rest_route=\/wp\/v2\/users\/2"}],"replies":[{"embeddable":true,"href":"https:\/\/www.friedensplattform.at\/index.php?rest_route=%2Fwp%2Fv2%2Fcomments&post=1836"}],"version-history":[{"count":0,"href":"https:\/\/www.friedensplattform.at\/index.php?rest_route=\/wp\/v2\/posts\/1836\/revisions"}],"wp:attachment":[{"href":"https:\/\/www.friedensplattform.at\/index.php?rest_route=%2Fwp%2Fv2%2Fmedia&parent=1836"}],"wp:term":[{"taxonomy":"category","embeddable":true,"href":"https:\/\/www.friedensplattform.at\/index.php?rest_route=%2Fwp%2Fv2%2Fcategories&post=1836"},{"taxonomy":"post_tag","embeddable":true,"href":"https:\/\/www.friedensplattform.at\/index.php?rest_route=%2Fwp%2Fv2%2Ftags&post=1836"}],"curies":[{"name":"wp","href":"https:\/\/api.w.org\/{rel}","templated":true}]}}