{"id":1867,"date":"2012-01-15T11:07:09","date_gmt":"2012-01-15T09:07:09","guid":{"rendered":"http:\/\/www.luxorbis.org\/friedensplattform.at\/?p=1867"},"modified":"2012-01-15T11:07:09","modified_gmt":"2012-01-15T09:07:09","slug":"leichenschaendung-video-zeigt-us-marineinfanteristen-in-afghanistan","status":"publish","type":"post","link":"https:\/\/www.friedensplattform.at\/?p=1867","title":{"rendered":"Leichensch&#228;ndung Video zeigt US-Marineinfanteristen in Afghanistan *"},"content":{"rendered":"<p><strong>Eine mutma\u00dfliche Sch\u00e4ndung get\u00f6teter Taliban durch US-Soldaten hat international Emp\u00f6rung ausgel\u00f6st.<\/strong><\/p>\n<p><strong><!--more--><br \/>\n<\/strong><\/p>\n<p>Auf dem im Internet kursierenden Video, dessen Echtheit zun\u00e4chst nicht  offiziell best\u00e4tigt wurde, urinieren US-Soldaten angeblich auf get\u00f6tete  Aufst\u00e4ndische. Der afghanische Pr\u00e4sident Hamid Karsai forderte die USA  dazu auf, die T\u00e4ter so schwer wie m\u00f6glich zu bestrafen. \u00bbDiese Tat  amerikanischer Soldaten ist zutiefst unmenschlich\u00ab, hie\u00df es in einer  Mitteilung Karsais.<\/p>\n<p>Ein Sprecher des US-Verteidigungsministeriums verurteilte das Video. \u00bbEs  ist abscheulich. Es hat mir den Magen umgedreht\u00ab, wurde  Pentagon-Sprecher John Kirby vom Nachrichtensender CNN und anderen  US-Medien zitiert. \u00bbEgal, wer das in dem Video ist oder wie die Umst\u00e4nde  waren &#8211; dieses Verhalten ist ungeheuerlich und ekelhaft.\u00ab<\/p>\n<p>Die internationale Afghanistantruppe ISAF teilte mit, die USA h\u00e4tten  eine Untersuchung eingeleitet. \u00bbDiese respektlose Tat ist unerkl\u00e4rlich  und nicht in \u00dcbereinstimmung mit den hohen moralischen Ma\u00dfst\u00e4ben, die  wir von Koalitionstruppen erwarten\u00ab, teilte die ISAF am Donnerstag mit.  Die in dem Video gezeigten Taten \u00bbscheinen von einer kleinen Gruppe  amerikanischer Individuen ausgef\u00fchrt worden zu sein, die anscheinend  nicht mehr in Afghanistan dienen\u00ab.<\/p>\n<p>Das Video ist seit Mittwoch (11. Jan.) im Umlauf. Auf ihm sind vier  mutma\u00dfliche Marineinfanteristen in Kampfanz\u00fcgen zu sehen, die \u00fcber den  K\u00f6rpern von drei M\u00e4nnern lachend ihre Notdurft verrichten. Die Leichen  tragen f\u00fcr Afghanistan landestypische Kleidung. Eine Unterschrift  beschreibt die Urinierenden als US-Scharfsch\u00fctzen und die Toten als  Taliban.<\/p>\n<p>\u00bbDas ist eine unmenschliche, unmoralische und brutale Tat der  Invasoren\u00ab, sagte Taliban-Sprecher Sabiullah Mudschahid der  Nachrichtenagentur dpa in Kabul. Der Vorfall werde dazu beitragen, \u00bbdass  die Amerikaner und ihre Alliierten ein kurzes Leben in Afghanistan  haben\u00ab.<\/p>\n<p>In einer an Medien verschickten SMS eines weiteren Taliban-Sprechers  namens Kari Jussif Ahmadi war von \u00bbamerikanischer Brutalit\u00e4t\u00ab die Rede.  Weiter hie\u00df es, keine Religion k\u00f6nne ein solches Verhalten hinnehmen.<\/p>\n<p><em>* Aus: neues deutschland, 13. Januar 2012<\/em><\/p>\n<p><strong>Unser Kommentar:<\/strong><\/p>\n<h2>Respektlos und unerkl\u00e4rlich?<\/h2>\n<p>&#8222;Diese respektlose Tat ist unerkl\u00e4rlich und nicht in \u00dcbereinstimmung mit  den hohen moralischen Ma\u00dfst\u00e4ben, die wir von Koalitionstruppen  erwarten&#8220;, teilt uns die ISAF-F\u00fchrung in Afghanistan mit, nachdem sie  nicht anders konnte, als die skandal\u00f6se Leichensch\u00e4ndung, begangen von  US-Soldaten an get\u00f6teten Afghanen, einzur\u00e4umen. An diesem Satz stimmt  gar nichts. Erstens ist der Ausdruck &#8222;respektlose Tat&#8220; selbst schon eine  skandal\u00f6se Untertreibung. Jemandem den &#8222;Respekt&#8220; verweigern, also  respektlos gegen\u00fcbertreten, ist etwas, das im Alltagsleben gar nicht so  selten vorkommt. Man kann sich den Anordnungen eines Vorgesetzten  widersetzen, eine Einladung des Bundespr\u00e4sidenten zum Neujahrsempfang  demonstrativ zur\u00fcckweisen oder einem ausl\u00e4ndischen Staatsgast den  Applaus verweigern: All das zeugt m\u00f6glicherweise von fehlendem Respekt.  Das Urinieren auf get\u00f6tete Gegner indessen l\u00e4sst doch nicht nur  &#8222;Respekt&#8220; vermissen, sondern stellt eine zutiefst ver\u00e4chtliche Handlung  dar, durch die der Gegner als menschliches Wesen negiert wird.<\/p>\n<p>&#8222;Unerkl\u00e4rlich&#8220; ist ein solcher Umgang auch nicht. Zehn Jahre Krieg in  Afghanistan hinterlassen ihre Spuren bei den Soldaten, denen eingeredet  wird, im Namen des Guten, der Freiheit und sonstiger hoher Werte gegen  weitgehend entmenschte Gegner, gegen die Inkarnation des B\u00f6sen zu  k\u00e4mpfen. Die psychische Verrohung von Soldaten ist eine der viel  beschriebenen Folgen eines Krieges. Sind denn die Bilder von Abu Ghraib  vergessen? Die in dem US-Gef\u00e4ngnis vorgenommenen Folterungen irakischer  Gefangener gingen auf ein CIA-Handbuch zur\u00fcck (das sog. &#8222;Kubark  Counterintelligence Interrogation&#8220; von 1963), das jahrzehntelang  Richtschnur f\u00fcr die Behandlung von Gefangenen in allen Erdteilen war.  Die darin empfohlenen Foltermethoden wurden sp\u00e4ter vom US Army&#8217;s Mobile  Training Team \u00fcbernommen, das in den 80er Jahren in Mittelamerika sein  Unwesen trieb. Seit dem &#8222;war on terror&#8220; (2001) werden in Guantanamo, auf  der US-Air Base von Bagram in Afghanistan und in anderen  CIA-Gef\u00e4ngnissen Inhaftierte nach solchen &#8222;Regeln&#8220; gefoltert und ihrer  Menschlichkeit beraubt. Die nun in einem Videoclip gezeigte  Widerw\u00e4rtigkeit l\u00e4sst sich also durchaus &#8222;erkl\u00e4ren&#8220;. Und es sind  beileibe nicht nur US-Soldaten, die im Krieg verroht sind. Zu erinnern  ist beispielsweise an die obsz\u00f6nen Totensch\u00e4ndungen durch  Bundeswehrsoldaten, die im Oktober 2006 bekannt wurde.<\/p>\n<p>Bleiben die &#8222;hohen moralischen Ma\u00dfst\u00e4be&#8220;, die von den Koalitionstruppen  erwartet werden. Sind sie denn nicht schon \u00fcber Bord geworfen worden,  als der Krieg gegen Afghanistan befohlen wurde? Wurden sie nicht schon  au\u00dfer Kraft gesetzt, als der Oberbefehlshaber der Interventionstruppen,  Pr\u00e4sident Bush, den Befehl gab, &#8222;Terroristen&#8220; in Afghanistan und \u00fcberall  in der Welt zu jagen und zur Strecke zu bringen? Wo zeigen sie sich in  der Behandlung der &#8222;feindlichen K\u00e4mpfer&#8220;, die au\u00dferhalb jeglichen Rechts  in Guantanamo seit Jahren gefangen gehalten werden? Welche moralischen  Ma\u00dfst\u00e4be hat das deutsche Verteidigungsministerium angewandt, als es  nicht nur die Ermittlungen gegen Oberst Klein, den Verantwortlichen f\u00fcr  das Massaker von Kundus, einstellte, sondern ihn nach einer kurzen  Schamfrist sogar noch bef\u00f6rderte?<\/p>\n<p>Nein, Moral und Krieg passen nicht zusammen. Wer v\u00f6lkerrechtswidrig in  ein fremdes Land einf\u00e4llt und die dortige Bev\u00f6lkerung unter den  Generalverdacht des Terrorismus bzw. Talibanismus stellt, fordert seine  Soldaten geradezu dazu auf, kein Pardon zu geben. Der Rest sind  Skandalvideos, die aber nur die Spitze eines Eisbergs darstellen. Das  ist die bittere Wahrheit des Afghanistan-Krieges.<\/p>\n<p><em>P. Strutynski<\/em><\/p>\n<p><em><a href=\"http:\/\/ag-friedensforschung.de\/regionen\/Afghanistan\/skandal.html\" target=\"_blank\">AG Friedensforschung<\/a><br \/>\n<\/em><\/p>\n","protected":false},"excerpt":{"rendered":"<p>Eine mutma\u00dfliche Sch\u00e4ndung get\u00f6teter Taliban durch US-Soldaten hat international Emp\u00f6rung ausgel\u00f6st.<\/p>\n","protected":false},"author":2,"featured_media":0,"comment_status":"open","ping_status":"open","sticky":false,"template":"","format":"standard","meta":{"footnotes":""},"categories":[1],"tags":[],"class_list":["post-1867","post","type-post","status-publish","format-standard","hentry","category-allgemein"],"_links":{"self":[{"href":"https:\/\/www.friedensplattform.at\/index.php?rest_route=\/wp\/v2\/posts\/1867","targetHints":{"allow":["GET"]}}],"collection":[{"href":"https:\/\/www.friedensplattform.at\/index.php?rest_route=\/wp\/v2\/posts"}],"about":[{"href":"https:\/\/www.friedensplattform.at\/index.php?rest_route=\/wp\/v2\/types\/post"}],"author":[{"embeddable":true,"href":"https:\/\/www.friedensplattform.at\/index.php?rest_route=\/wp\/v2\/users\/2"}],"replies":[{"embeddable":true,"href":"https:\/\/www.friedensplattform.at\/index.php?rest_route=%2Fwp%2Fv2%2Fcomments&post=1867"}],"version-history":[{"count":0,"href":"https:\/\/www.friedensplattform.at\/index.php?rest_route=\/wp\/v2\/posts\/1867\/revisions"}],"wp:attachment":[{"href":"https:\/\/www.friedensplattform.at\/index.php?rest_route=%2Fwp%2Fv2%2Fmedia&parent=1867"}],"wp:term":[{"taxonomy":"category","embeddable":true,"href":"https:\/\/www.friedensplattform.at\/index.php?rest_route=%2Fwp%2Fv2%2Fcategories&post=1867"},{"taxonomy":"post_tag","embeddable":true,"href":"https:\/\/www.friedensplattform.at\/index.php?rest_route=%2Fwp%2Fv2%2Ftags&post=1867"}],"curies":[{"name":"wp","href":"https:\/\/api.w.org\/{rel}","templated":true}]}}