{"id":1918,"date":"2012-02-06T10:03:16","date_gmt":"2012-02-06T08:03:16","guid":{"rendered":"http:\/\/www.luxorbis.org\/friedensplattform.at\/?p=1918"},"modified":"2012-02-06T10:03:16","modified_gmt":"2012-02-06T08:03:16","slug":"israel-firsters-in-den-usa-in-der-defensive","status":"publish","type":"post","link":"https:\/\/www.friedensplattform.at\/?p=1918","title":{"rendered":"\u00bbIsrael Firsters\u00ab in den USA in der Defensive"},"content":{"rendered":"<div><a id=\"JL_content\" name=\"JL_content\"><\/a><\/div>\n<div id=\"ID_Date\">Propagandisten eines Krieges gegen Iran bekommen immer mehr Gegenwind <!--more--><\/div>\n<address>Von Rainer Rupp<\/address>\n<div>In den vergangenen Wochen ist dem au\u00dfenpolitischen Establishments der  USA bewu\u00dft geworden, da\u00df die reale M\u00f6glichkeit besteht, in einen von  Israel initiierten Krieg mit Iran verwickelt zu werden. Das gab Anla\u00df zu  etlichen entspannenden Stellungsnahmen in der Presse, die so gut wie  nicht wahrgenommen wurden. Selbst viele eingefleischte \u00bbliberale Falken\u00ab  sprechen sich mittlerweile entschieden gegen eine milit\u00e4rische  Konfrontation mit Teheran aus und mahnen zur M\u00e4\u00dfigung. Hatten sie noch  vor zehn Jahren an vorderster Medienfront \u2013 gemeinsam mit den  neokonservativen \u00bbIsrael Firsters\u00ab und der geballten Macht der  prozionistischen Lobby in den USA \u2013 die amerikanische Bev\u00f6lkerung  erfolgreich f\u00fcr den verbrecherischen Angriffskrieg gegen Irak  mobilisiert, so stellen sie sich heute gegen die Pl\u00e4ne, GIs f\u00fcr Israel  in den Krieg zu schicken. Dar\u00fcber wird derzeit im Internet und in  einschl\u00e4gigen US-Fachmedien eine knallharte Auseinandersetzung gef\u00fchrt,  wobei die Apologeten der israelischen Rechtsau\u00dfenregierung Benjamin  Netanjahus immer mehr in die Bredouille kommen.<\/p>\n<p>In Israel verfolgt man diese Entwicklung mit gro\u00dfer Sorge. Dabei r\u00fcckt  insbesondere die Tatsache ins Blickfeld, da\u00df sich US-Amerikaner als  zionistische Falken und Propagandisten f\u00fcr einen US-Angriff gegen Iran  hervortun. Als \u00bbIsrael Firsters\u00ab werden sie nun \u00f6ffentlich beschuldigt,  aus Loyalit\u00e4t f\u00fcr Israel die Interessen der Vereinigten Staaten  hintanzustellen. Im Gegenzug versuchen die Zionisten in den USA und  Israel, ihre Kritiker mit Antisemitismusvorw\u00fcrfen einzusch\u00fcchtern, was  aber zum ersten Mal nicht zu funktionieren scheint.<\/p>\n<p>Hat sich etwa in der \u00bbamerikanischen Israel-Debatte das Blatt gewendet\u00ab,  wie der US-Neokon James Kirchick im vergangenen Monat in der  linksliberalen israelischen Tageszeitung Haaretz lamentierte? Kritiker  k\u00f6nnten inzwischen ungestraft prozionistischen US-B\u00fcrgern vorwerfen,  \u00bbIsrael Firsters\u00ab zu sein, also bereit zu sein, f\u00fcr Israels Ziele  amerikanische Soldaten und Ressourcen zu opfern. Die \u00bbIsrael  Firsters\u00ab-Debatte zeige, \u00bbwie sehr die Rhetorik antisemitischer  Rassisten bereits im Diskurs der Mitte der US-Gesellschaft angekommen\u00ab  sei, so Kirchick weiter.<\/p>\n<p>Diese Woche verteidigte dagegen die antizionistische,  amerikanisch-israelische Journalistin Mairav Zonszein in der gleichen  Zeitung den Gebrauch des Ausdrucks \u00bbIsrael Firsters\u00ab. Vor dem  Hintergrund \u00bbjahrzehntelanger, rechtsextremer, amerikanisch-j\u00fcdischer  Rhetorik, die weitgehend jede Kritik an der israelische Politik zum  Schweigen gebracht\u00ab habe, stelle er recht gut dar, \u00bbwie sehr Israel in  der US-Politik Uneinigkeit stiftet\u00ab. Als Beweis daf\u00fcr k\u00f6nnen die  derzeitigen Erg\u00fcsse der republikanischen Pr\u00e4sidentschaftskandidaten  dienen. Mit Ausnahme von Ron Paul \u00fcbertreffen sie sich gegenseitig mit  Kriegsdrohungen gegen Iran, um gegen\u00fcber christlichen Fundamentalisten  und j\u00fcdischen W\u00e4hlern\/Spendern ihre Liebe zu Israel zu bekunden. Dennoch  ist auch ihnen bisher nicht gelungen, die US-Bev\u00f6lkerung f\u00fcr einen  Krieg zu mobilisieren.<\/p>\n<p>Die Paukenschl\u00e4ge f\u00fcr einen Regimewechsel, mit denen die  neokonservativen Lobbygruppen wie das Amerikanische Enterprise Institute  (AEI) und die Stiftung f\u00fcr die Verteidigung der Demokratien (FDD) die  Kriegsbegeisterung gegen Iran sch\u00fcren wollen, verhallen derzeit  weitgehend ungeh\u00f6rt. Dies ist zu einem nicht geringen Teil dem Erfolg  der Kampagne gegen die \u00bbIsrael Firsters\u00ab und der \u00fcberraschenden Wandlung  der liberalen Falken zu verdanken, die im Fall Iran zu Tauben geworden  sind.<\/p><\/div>\n<div><\/div>\n<p>04.02.2012<\/p>\n<p><a href=\"http:\/\/\">http:\/\/www.jungewelt.de\/2012\/02-04\/055.php<\/a><\/p>\n","protected":false},"excerpt":{"rendered":"<p>Propagandisten eines Krieges gegen Iran bekommen immer mehr Gegenwind<\/p>\n","protected":false},"author":3,"featured_media":0,"comment_status":"open","ping_status":"open","sticky":false,"template":"","format":"standard","meta":{"footnotes":""},"categories":[1,17],"tags":[],"class_list":["post-1918","post","type-post","status-publish","format-standard","hentry","category-allgemein","category-meinung"],"_links":{"self":[{"href":"https:\/\/www.friedensplattform.at\/index.php?rest_route=\/wp\/v2\/posts\/1918","targetHints":{"allow":["GET"]}}],"collection":[{"href":"https:\/\/www.friedensplattform.at\/index.php?rest_route=\/wp\/v2\/posts"}],"about":[{"href":"https:\/\/www.friedensplattform.at\/index.php?rest_route=\/wp\/v2\/types\/post"}],"author":[{"embeddable":true,"href":"https:\/\/www.friedensplattform.at\/index.php?rest_route=\/wp\/v2\/users\/3"}],"replies":[{"embeddable":true,"href":"https:\/\/www.friedensplattform.at\/index.php?rest_route=%2Fwp%2Fv2%2Fcomments&post=1918"}],"version-history":[{"count":0,"href":"https:\/\/www.friedensplattform.at\/index.php?rest_route=\/wp\/v2\/posts\/1918\/revisions"}],"wp:attachment":[{"href":"https:\/\/www.friedensplattform.at\/index.php?rest_route=%2Fwp%2Fv2%2Fmedia&parent=1918"}],"wp:term":[{"taxonomy":"category","embeddable":true,"href":"https:\/\/www.friedensplattform.at\/index.php?rest_route=%2Fwp%2Fv2%2Fcategories&post=1918"},{"taxonomy":"post_tag","embeddable":true,"href":"https:\/\/www.friedensplattform.at\/index.php?rest_route=%2Fwp%2Fv2%2Ftags&post=1918"}],"curies":[{"name":"wp","href":"https:\/\/api.w.org\/{rel}","templated":true}]}}