{"id":1922,"date":"2012-02-10T12:20:23","date_gmt":"2012-02-10T10:20:23","guid":{"rendered":"http:\/\/www.luxorbis.org\/friedensplattform.at\/?p=1922"},"modified":"2012-02-10T12:20:23","modified_gmt":"2012-02-10T10:20:23","slug":"autoritaristischer-neoliberalismus-und-widerstand-in-syrien","status":"publish","type":"post","link":"https:\/\/www.friedensplattform.at\/?p=1922","title":{"rendered":"Autoritaristischer Neoliberalismus und Widerstand in Syrien"},"content":{"rendered":"<p>Omar Dahi und Yasser Munif\u00a0 analysieren das neoliberal-autoritaristische System der Baath Partei mit den typischen Erscheinungen, wie:\u00a0 Totale Ungleichverteilung des Reichtums in der Bev\u00f6lkerung, Arbeitslosigkeit, Armut, Klientelwesen und das Enstehen einer neuen Bourgeoise, der Milit\u00e4rjunta. Damit wurde ein weiteres Kapitel der Kooperation mit dem westlichen Neokolonialismus eingeleitet, einem Neokolonialismus, der seit jeher den <strong>Gewaltexport aus den &#8222;demokratischeren&#8220; Gesellschaften in die arabischen L\u00e4nder<\/strong> erzwang.<\/p>\n<p>Daher sei der derzeitige Austand der arabischen Bev\u00f6lkerungen ein zweifacher Kampf gegen\u00a0\u00a0\u00a0\u00a0 1) arabischen Autoritarismus und 2) globalen Neoliberalismus.\u00a0\u00a0\u00a0\u00a0\u00a0\u00a0\u00a0\u00a0\u00a0\u00a0\u00a0\u00a0\u00a0\u00a0\u00a0\u00a0\u00a0\u00a0\u00a0\u00a0\u00a0\u00a0\u00a0\u00a0\u00a0\u00a0\u00a0\u00a0\u00a0\u00a0\u00a0\u00a0\u00a0\u00a0\u00a0\u00a0\u00a0\u00a0\u00a0\u00a0\u00a0\u00a0\u00a0\u00a0\u00a0\u00a0\u00a0\u00a0\u00a0\u00a0\u00a0\u00a0\u00a0\u00a0\u00a0\u00a0\u00a0\u00a0\u00a0\u00a0\u00a0\u00a0\u00a0\u00a0\u00a0\u00a0 <!--more--><\/p>\n<p>Jetzt, da der Volksaufstand in Syrien in den sechsten Monat geht, wird offensichtlicher, dass das derzeitige Regime in Damaskus sich im Endstadium befindet. W\u00e4hrend das Regime weiterhin an der Macht festh\u00e4lt und die Protestbewegung brutal niederschl\u00e4gt, bringt es auch zwei seiner Aush\u00e4ndgeschilder zum Einsatz: Eine Antiimperialismus- oder Widerstandsideologie und das Wirtschaftsmodell eines sozialistischen Wohlfahrtstaates. Ersterem wurde einiges an Aufmerksamkeit gewidmet; in diesem Artikel untersuchen wir jedoch das zweite, in der Hoffnung, den Verlauf der Wirtschaftspolitik des Regimes zu hinterfragewn und einen Aspekt des Aufstandes besser zu beleuchten.<\/p>\n<p>Zum Weiterlesen download hier:<\/p>\n<p><a href=\"http:\/\/\">http:\/\/www.inamo.de\/tl_files\/dossiers\/dahi-munif_inamo-68-2011.pdf<\/a><\/p>\n","protected":false},"excerpt":{"rendered":"<p>Omar Dahi und Yasser Munif\u00a0 analysieren das neoliberal-autoritaristische System der Baath Partei mit den typischen Erscheinungen, wie:\u00a0 Totale Ungleichverteilung des Reichtums in der Bev\u00f6lkerung, Arbeitslosigkeit, Armut, Klientelwesen und das Enstehen einer neuen Bourgeoise, der Milit\u00e4rjunta. Damit wurde ein weiteres Kapitel der Kooperation mit dem westlichen Neokolonialismus eingeleitet, einem Neokolonialismus, der seit jeher den Gewaltexport aus &hellip; <a href=\"https:\/\/www.friedensplattform.at\/?p=1922\" class=\"more-link\"><span class=\"screen-reader-text\">Autoritaristischer Neoliberalismus und Widerstand in Syrien<\/span> weiterlesen <span class=\"meta-nav\">&rarr;<\/span><\/a><\/p>\n","protected":false},"author":3,"featured_media":0,"comment_status":"open","ping_status":"open","sticky":false,"template":"","format":"standard","meta":{"footnotes":""},"categories":[5,17],"tags":[],"class_list":["post-1922","post","type-post","status-publish","format-standard","hentry","category-arabischer-raum","category-meinung"],"_links":{"self":[{"href":"https:\/\/www.friedensplattform.at\/index.php?rest_route=\/wp\/v2\/posts\/1922","targetHints":{"allow":["GET"]}}],"collection":[{"href":"https:\/\/www.friedensplattform.at\/index.php?rest_route=\/wp\/v2\/posts"}],"about":[{"href":"https:\/\/www.friedensplattform.at\/index.php?rest_route=\/wp\/v2\/types\/post"}],"author":[{"embeddable":true,"href":"https:\/\/www.friedensplattform.at\/index.php?rest_route=\/wp\/v2\/users\/3"}],"replies":[{"embeddable":true,"href":"https:\/\/www.friedensplattform.at\/index.php?rest_route=%2Fwp%2Fv2%2Fcomments&post=1922"}],"version-history":[{"count":0,"href":"https:\/\/www.friedensplattform.at\/index.php?rest_route=\/wp\/v2\/posts\/1922\/revisions"}],"wp:attachment":[{"href":"https:\/\/www.friedensplattform.at\/index.php?rest_route=%2Fwp%2Fv2%2Fmedia&parent=1922"}],"wp:term":[{"taxonomy":"category","embeddable":true,"href":"https:\/\/www.friedensplattform.at\/index.php?rest_route=%2Fwp%2Fv2%2Fcategories&post=1922"},{"taxonomy":"post_tag","embeddable":true,"href":"https:\/\/www.friedensplattform.at\/index.php?rest_route=%2Fwp%2Fv2%2Ftags&post=1922"}],"curies":[{"name":"wp","href":"https:\/\/api.w.org\/{rel}","templated":true}]}}