{"id":1943,"date":"2012-02-15T14:23:26","date_gmt":"2012-02-15T12:23:26","guid":{"rendered":"http:\/\/www.luxorbis.org\/friedensplattform.at\/?p=1943"},"modified":"2012-02-15T14:23:26","modified_gmt":"2012-02-15T12:23:26","slug":"geruechte-um-angriffstermin","status":"publish","type":"post","link":"https:\/\/www.friedensplattform.at\/?p=1943","title":{"rendered":"Ger&#252;chte um Angriffstermin"},"content":{"rendered":"<p>Spekulationen \u00fcber israelische Attacken gegen Iran im Fr\u00fchjahr\u00a0 <!--more--><a href=\"http:\/\/www.jungewelt.de\/2012\/02-06\/033.php\" target=\"_blank\">http:\/\/www.jungewelt.de\/2012\/02-06\/033.php<\/a><\/p>\n<div>06.02.2012  \/ Ausland \/ Seite 7Inhalt<\/div>\n<div><\/div>\n<div>Von Knut  Mellenthin<\/div>\n<p>Neue Ger\u00fcchte \u00fcber israelische Angriffspl\u00e4ne gegen Iran machen  weltweit<br \/>\ndie Runde. Noch vor dem Sommer soll es soweit sein, behauptete  David<br \/>\n<span style=\"color: #ff0000;\">Ignatius, Redakteur und Kolumnist der Washington  Post, am Donnerstag.<br \/>\nOhne Angabe seiner Quelle schrieb er dort:  \u00bbUS-Verteidigungsminister<br \/>\nPanetta glaubt, da\u00df Israel mit hoher  Wahrscheinlichkeit im April, Mai<br \/>\noder Juni zuschlagen werde, bevor Iran das  erreicht, was Israel als<br \/>\n\u203aZone der Immunit\u00e4t\u2039 f\u00fcr den Start der Konstruktion  einer Atombombe<br \/>\nbezeichnet. Die Israelis f\u00fcrchten, da\u00df die Iraner sehr bald  genug<br \/>\nangereichertes<\/span> Uran in unterirdischen Anlagen gespeichert haben,  um eine<br \/>\nWaffe herzustellen \u2013 und da\u00df dann nur noch die USA sie mit  milit\u00e4rischen<br \/>\nMitteln aufhalten k\u00f6nnten.\u00ab Nach diesem Artikel befragt,  versuchte<br \/>\nPanetta zun\u00e4chst, einer Antwort auszuweichen, und sagte schlie\u00dflich  nur:<br \/>\n\u00bbSie wissen ja, da\u00df die Israelis dar\u00fcber nachdenken und da\u00df wir  ihnen<br \/>\nunsere Bedenken verdeutlicht haben.\u00ab<\/p>\n<p>Die <span style=\"color: #ff0000;\">\u00bbZone der Immunit\u00e4t\u00ab<\/span> ist ein erst in j\u00fcngster Zeit  kreierter<br \/>\nisraelischer Propagandabegriff. Er hat das fr\u00fcher gebr\u00e4uchliche  \u00bbPoint<br \/>\nof no Return\u00ab (w\u00f6rtlich: Punkt ohne R\u00fcckkehr) abgel\u00f6st, das  den<br \/>\nZeitpunkt bezeichnen sollte, ab dem ein milit\u00e4risches Aufhalten  der<br \/>\nangeblichen iranischen Atomwaffenpl\u00e4ne nicht mehr m\u00f6glich sei.  Dieser<br \/>\n\u00bbPunkt\u00ab wurde in den vergangenen zw\u00f6lf Jahren immer wieder  verschoben.<br \/>\nEntsprechend lang ist die Liste der israelischen und  US-amerikanischen<br \/>\nAngriffstermine, die im Laufe der Zeit in den Medien  gehandelt wurden.<br \/>\nDer \u00bbZone der Immunit\u00e4t\u00ab k\u00f6nnte es \u00e4hnlich  ergehen.<\/p>\n<p>Letztlich m\u00fcssen solche Ger\u00fcchte immer irgendeinen Ursprung  haben. Nach<br \/>\nLage der Dinge k\u00f6nnen die zugrundeliegenden Informationen oder  auch<br \/>\nDesinformationen nur aus den Geheimdienst- und Milit\u00e4rapparaten  der<br \/>\nbeteiligten L\u00e4nder stammen. Die Frage ist, mit welchen Absichten und  zu<br \/>\nwelchen Zwecken sie in die Welt gesetzt werden.<\/p>\n<p>Am Freitag sah sich  das Moskauer Au\u00dfenministerium gen\u00f6tigt, sich mit<br \/>\neiner offiziellen  Stellungnahme ausdr\u00fccklich von einem Ger\u00fccht zu<br \/>\ndistanzieren, das die <span style=\"color: #ff0000;\">russische Zeitschrift Argumenty Nedeli<\/span> unter<br \/>\nBerufung  auf anonyme Insiderquellen verbreitet hatte. <span style=\"color: #ff0000;\">Angeblich, so  das<br \/>\nBlatt, werde zwischen Washington und Moskau ein  politisches<br \/>\nTauschgesch\u00e4ft verhandelt: Ru\u00dfland werde gr\u00fcnes Licht  f\u00fcr<br \/>\nUS-amerikanische Milit\u00e4roperationen gegen Iran geben<\/span>, und der  Westen<br \/>\nwolle daf\u00fcr auf eine Intervention in Syrien verzichten. \u00bbNichts kann  von<br \/>\nder Wahrheit weiter entfernt sein\u00ab, erkl\u00e4rte dazu das  russische<br \/>\nAu\u00dfenministerium auf seiner Website.<\/p>\n<p>Chefredakteur der  Argumenty Nedeli ist Andrei Uglanow. Sein Name machte<br \/>\nschon im Fr\u00fchjahr 2007  weltweit die Runde: Im M\u00e4rz jenes Jahres sagte er<br \/>\nvoraus, da\u00df die USA am 6.  April mit Luftangriffen gegen den Iran<br \/>\nbeginnen w\u00fcrden. Sogar die genaue  Zeit, vier Uhr morgens, behauptete er<br \/>\nzu kennen. Leichtgl\u00e4ubige Blogger und  Journalisten sorgten f\u00fcr maximale<br \/>\nVerbreitung des Ger\u00fcchts. Zwei Jahre sp\u00e4ter  wiederholte Uglanow die<br \/>\nFarce. Nun nannte er als feststehenden Angriffstermin  den 30. Oktober<br \/>\n2009, drei Uhr morgens. Angeblich hatte er die Information  von anonymen<br \/>\nrussischen Milit\u00e4rexperten erhalten, die dem Generalstab  der<br \/>\nStreitkr\u00e4fte nahest\u00fcnden.<\/p>\n<p>Niemand wird vern\u00fcnftigerweise  kategorisch ausschlie\u00dfen, da\u00df so ein<br \/>\nGer\u00fccht irgendwann einmal auch stimmen  k\u00f6nnte. Trotzdem sollte im<br \/>\naktuellen Fall bedacht werden: Erstens, die  Behauptungen Tel Avivs \u00fcber<br \/>\nein \u00bbZeitfenster\u00ab f\u00fcr Milit\u00e4raktionen gegen die  iranischen Atomanlagen,<br \/>\ndas sich gegenw\u00e4rtig ganz rasch schlie\u00dfe, sind reine  Propaganda.<br \/>\nZweitens: Wesentliche Teile der israelischen Raketenabwehr  k\u00f6nnen<br \/>\nfr\u00fchestens Ende des Jahren stationiert werden. Auch die Kooperation  mit<br \/>\nden USA auf diesem Gebiet soll noch optimiert werden. Drittens:  Israel<br \/>\nist, wie das Ressort f\u00fcr Landesverteidigung gerade am  Wochenende<br \/>\nfeststellte, f\u00fcr den Schutz seiner St\u00e4dte unzureichend  vorbereitet. Die<br \/>\njetzt vom Ministerium geforderten Investitionen werden  jedoch erst in<br \/>\neinigen Jahren wirken.<\/p>\n","protected":false},"excerpt":{"rendered":"<p>Spekulationen \u00fcber israelische Attacken gegen Iran im Fr\u00fchjahr\u00a0<\/p>\n","protected":false},"author":3,"featured_media":0,"comment_status":"open","ping_status":"open","sticky":false,"template":"","format":"standard","meta":{"footnotes":""},"categories":[13],"tags":[],"class_list":["post-1943","post","type-post","status-publish","format-standard","hentry","category-iran"],"_links":{"self":[{"href":"https:\/\/www.friedensplattform.at\/index.php?rest_route=\/wp\/v2\/posts\/1943","targetHints":{"allow":["GET"]}}],"collection":[{"href":"https:\/\/www.friedensplattform.at\/index.php?rest_route=\/wp\/v2\/posts"}],"about":[{"href":"https:\/\/www.friedensplattform.at\/index.php?rest_route=\/wp\/v2\/types\/post"}],"author":[{"embeddable":true,"href":"https:\/\/www.friedensplattform.at\/index.php?rest_route=\/wp\/v2\/users\/3"}],"replies":[{"embeddable":true,"href":"https:\/\/www.friedensplattform.at\/index.php?rest_route=%2Fwp%2Fv2%2Fcomments&post=1943"}],"version-history":[{"count":0,"href":"https:\/\/www.friedensplattform.at\/index.php?rest_route=\/wp\/v2\/posts\/1943\/revisions"}],"wp:attachment":[{"href":"https:\/\/www.friedensplattform.at\/index.php?rest_route=%2Fwp%2Fv2%2Fmedia&parent=1943"}],"wp:term":[{"taxonomy":"category","embeddable":true,"href":"https:\/\/www.friedensplattform.at\/index.php?rest_route=%2Fwp%2Fv2%2Fcategories&post=1943"},{"taxonomy":"post_tag","embeddable":true,"href":"https:\/\/www.friedensplattform.at\/index.php?rest_route=%2Fwp%2Fv2%2Ftags&post=1943"}],"curies":[{"name":"wp","href":"https:\/\/api.w.org\/{rel}","templated":true}]}}