{"id":1957,"date":"2012-02-19T23:25:46","date_gmt":"2012-02-19T21:25:46","guid":{"rendered":"http:\/\/www.luxorbis.org\/friedensplattform.at\/?p=1957"},"modified":"2012-02-19T23:25:46","modified_gmt":"2012-02-19T21:25:46","slug":"syrien-darf-kein-zweites-libyen-werden-massiver-gewalt-und-unterdrueckung-ohne-gewalt-begegnen","status":"publish","type":"post","link":"https:\/\/www.friedensplattform.at\/?p=1957","title":{"rendered":"Syrien darf kein zweites Libyen werden: Massiver Gewalt und Unterdr&#252;ckung ohne Gewalt begegnen"},"content":{"rendered":"<div style=\"text-align: left;\">\n<h3><span style=\"font-family: Geneva; color: #000000;\">Pax Christi \u00d6sterreich &#8211;         Vorstand<\/span><\/h3>\n<\/div>\n<h3 style=\"text-align: left;\"><span style=\"font-family: Geneva; color: #000000;\">18.2.2012<\/span><\/h3>\n<p><span style=\"font-family: Geneva; color: #000000;\"><!--more--><\/span><\/p>\n<div style=\"text-align: left;\">\n<h4><span style=\"font-family: Geneva; color: #000000;\">Die Situation in Syrien         ist wie ein Albtraum. Das T\u00f6ten von Menschen,<\/span><\/h4>\n<\/div>\n<div style=\"text-align: left;\">\n<h4><span style=\"font-family: Geneva; color: #000000;\">Folterungen und         massenhaftes Elend nehmen mit jedem Tag zu. Das Regime von<\/span><\/h4>\n<\/div>\n<div style=\"text-align: left;\">\n<h4><span style=\"font-family: Geneva; color: #000000;\">Bashar al-Assad will         sich mit \u00e4u\u00dferst brutaler Gewalt an der Macht halten.<\/span><\/h4>\n<\/div>\n<div style=\"text-align: left;\">\n<h4><span style=\"font-family: Geneva; color: #000000;\">Die syrische         Oppositionsbewegung hat seit einem Jahr versucht, ohne<\/span><\/h4>\n<\/div>\n<div style=\"text-align: left;\">\n<h4><span style=\"font-family: Geneva; color: #000000;\">Anwendung von Gewalt f\u00fcr         Reformen auf demokratischem Wege einzutreten. Mit<\/span><\/h4>\n<\/div>\n<div style=\"text-align: left;\">\n<h4><span style=\"font-family: Geneva; color: #000000;\">Beginn des Jahres 2012         haben paramilit\u00e4rische Kr\u00e4fte den Kampf gegen das<\/span><\/h4>\n<\/div>\n<div style=\"text-align: left;\">\n<h4><span style=\"font-family: Geneva; color: #000000;\">Assad-Regime und die         regul\u00e4re syrische Armee aufgenommen. Die &#8222;Freie<\/span><\/h4>\n<\/div>\n<div style=\"text-align: left;\">\n<h4><span style=\"font-family: Geneva; color: #000000;\">Syrische Armee&#8220; (FSA)         ver\u00fcbt Anschl\u00e4ge, nimmt Regierungspersonal unter <\/span><\/h4>\n<\/div>\n<div style=\"text-align: left;\">\n<h4><span style=\"font-family: Geneva; color: #000000;\">Feuer und legt in         Taliban-Manier Sprengfallen. Diese Gegengewalt f\u00fchrt zu <\/span><\/h4>\n<\/div>\n<div style=\"text-align: left;\">\n<h4><span style=\"font-family: Geneva; color: #000000;\">\u00e4u\u00dferstbrutalen         Gewaltexzessen auf Seiten der syrischen Armee, wie vor allem         dertagelange Beschuss der Stadt Homs zeigt.<\/span><\/h4>\n<h4><span style=\"font-family: Geneva; color: #000000;\"> Die meisten Menschen         sterben aufgrund der Kampfhandlungen zwischen der FSA und den         syrischenStreitkr\u00e4ften. <\/span><\/h4>\n<h4><span style=\"font-family: Geneva; color: #000000;\">Hinter dem Syrischen Nationalrat, der         von der T\u00fcrkei <\/span><\/h4>\n<\/div>\n<div style=\"text-align: left;\">\n<h4><span style=\"font-family: Geneva; color: #000000;\">aus den gewaltsamen Widerstand         der FSA lenkt, stehen die Muslimbr\u00fcder. Viele <\/span><\/h4>\n<\/div>\n<div style=\"text-align: left;\">\n<h4><span style=\"font-family: Geneva; color: #000000;\">Gruppen im Land wie Kurden,         Alawiten, Kopten, s\u00e4kulare politische Kr\u00e4fte und<\/span><\/h4>\n<\/div>\n<div style=\"text-align: left;\">\n<h4><span style=\"font-family: Geneva; color: #000000;\">st\u00e4dtisches B\u00fcrgertum         sind jedoch mit dieser Entwicklung nicht <\/span><\/h4>\n<\/div>\n<div style=\"text-align: left;\">\n<h4><span style=\"font-family: Geneva; color: #000000;\">einverstanden und haben Angst, wenn es         dieser Seite gelingt, die Macht zu \u00fcbernehmen.<\/span><\/h4>\n<\/div>\n<div style=\"text-align: left;\">\n<h4><span style=\"font-family: Geneva; color: #000000;\">Wer r\u00fcstet die         bewaffneten Oppositionskr\u00e4fte aus? Woher bekommen sie<\/span><\/h4>\n<\/div>\n<div style=\"text-align: left;\">\n<h4><span style=\"font-family: Geneva; color: #000000;\">milit\u00e4rische und ideelle         Unterst\u00fctzung? Politische Kr\u00e4fte in Frankreich und<\/span><\/h4>\n<\/div>\n<div style=\"text-align: left;\">\n<h4><span style=\"font-family: Geneva; color: #000000;\">den USA haben bereits         signalisiert, dass sie bereit sind, wie im Falle<\/span><\/h4>\n<\/div>\n<div style=\"text-align: left;\">\n<h4><span style=\"font-family: Geneva; color: #000000;\">Libyens, sich auf die         Seite der milit\u00e4rischen Rebellen zu stellen. Je mehr<\/span><\/h4>\n<\/div>\n<div style=\"text-align: left;\">\n<h4><span style=\"font-family: Geneva; color: #000000;\">der B\u00fcrgerkrieg sich         entfacht, desto mehr steigt &#8211; ebenfalls wie in <\/span><\/h4>\n<\/div>\n<div style=\"text-align: left;\">\n<h4><span style=\"font-family: Geneva; color: #000000;\">Libyen -die Bereitschaft der         westlichen Milit\u00e4rm\u00e4chte zu einer <\/span><\/h4>\n<\/div>\n<div style=\"text-align: left;\">\n<h4><span style=\"font-family: Geneva; color: #000000;\">Milit\u00e4rintervention.<\/span><\/h4>\n<\/div>\n<div style=\"text-align: left;\">\n<h4><span style=\"font-family: Geneva; color: #000000;\">Es wird berichtet, dass         mit Hilfe der NATO Waffen und milit\u00e4rlogistisches<\/span><\/h4>\n<\/div>\n<div style=\"text-align: left;\">\n<h4><span style=\"font-family: Geneva; color: #000000;\">Know-how an die         Aufst\u00e4ndischen geliefert wurde &#8211; zynischerweise auch aus<\/span><\/h4>\n<\/div>\n<div style=\"text-align: left;\">\n<h4><span style=\"font-family: Geneva; color: #000000;\">Best\u00e4nden Libyens.         Kriegserprobte libysche K\u00e4mpfer und irakische<\/span><\/h4>\n<\/div>\n<div style=\"text-align: left;\">\n<h4><span style=\"font-family: Geneva; color: #000000;\">Al-Kaida-Djihadisten         wollen den Aufst\u00e4ndischen in Syrien zu Hilfe kommen.<\/span><\/h4>\n<\/div>\n<div style=\"text-align: left;\">\n<h4><span style=\"font-family: Geneva; color: #000000;\">Offensichtlich verfolgen         die USA und ihre Verb\u00fcndeten in Syrien und <\/span><\/h4>\n<\/div>\n<div style=\"text-align: left;\">\n<h4><span style=\"font-family: Geneva; color: #000000;\">mit der Bewaffnung der         Aufst\u00e4ndischen ihre geostrategischen Ziele. Wird Assad als<\/span><\/h4>\n<\/div>\n<div style=\"text-align: left;\">\n<h4><span style=\"font-family: Geneva; color: #000000;\">Gegner der westlichen         M\u00e4chte gesehen, weil er die Opposition unterdr\u00fcckt<\/span><\/h4>\n<\/div>\n<div style=\"text-align: left;\">\n<h4><span style=\"font-family: Geneva; color: #000000;\">oder weil er ein         Verb\u00fcndeter des Iran ist? Jedenfalls gilt: F\u00e4llt das<\/span><\/h4>\n<\/div>\n<div style=\"text-align: left;\">\n<h4><span style=\"font-family: Geneva; color: #000000;\">Assad-Regime, dann f\u00e4llt         zugleich der wichtigste Verb\u00fcndete des Iran. Dies<\/span><\/h4>\n<\/div>\n<div style=\"text-align: left;\">\n<h4><span style=\"font-family: Geneva; color: #000000;\">passt zu den         wiederholten Andeutungen, dass die USA zu einem Angriffskrieg<\/span><\/h4>\n<\/div>\n<div style=\"text-align: left;\">\n<h4><span style=\"font-family: Geneva; color: #000000;\">gegen\u00fcber dem Iran         bereit sind. Der Weg nach Teheran f\u00fchrt \u00fcber Damaskus<\/span><\/h4>\n<\/div>\n<div style=\"text-align: left;\">\n<h4><span style=\"font-family: Geneva; color: #000000;\">.<\/span><\/h4>\n<\/div>\n<div style=\"text-align: left;\">\n<h4><span style=\"font-family: Geneva; color: #000000;\">Das Beispiel Libyen         zeigt, welcher Preis bei einer Milit\u00e4rintervention zu<\/span><\/h4>\n<\/div>\n<div style=\"text-align: left;\">\n<h4><span style=\"font-family: Geneva; color: #000000;\">zahlen w\u00e4re. Die         bewaffneten Auseinandersetzungen haben in Libyen bis zu<\/span><\/h4>\n<\/div>\n<div style=\"text-align: left;\">\n<h4><span style=\"font-family: Geneva; color: #000000;\">40.000 Menschenleben         gefordert. Syrien z\u00e4hlt dreimal so viel Einwohner,<\/span><\/h4>\n<\/div>\n<div style=\"text-align: left;\">\n<h4><span style=\"font-family: Geneva; color: #000000;\">entsprechend h\u00f6her         w\u00fcrden die Opferzahlen sein.<\/span><\/h4>\n<\/div>\n<div style=\"text-align: left;\">\n<h4><span style=\"font-family: Geneva; color: #000000;\">Was w\u00fcrde geschehen,         wenn die Muslimbr\u00fcder, unterst\u00fctzt von <\/span><\/h4>\n<\/div>\n<div style=\"text-align: left;\">\n<h4><span style=\"font-family: Geneva; color: #000000;\">Djihadisten ausLibyen oder dem Irak,         die Macht in Syrien ergreifen w\u00fcrden? Die Gefahr von<\/span><\/h4>\n<\/div>\n<div style=\"text-align: left;\">\n<h4><span style=\"font-family: Geneva; color: #000000;\">ethnischen S\u00e4uberungen         w\u00e4re gegeben, was vor allem die 10 Prozent Christen<\/span><\/h4>\n<\/div>\n<div style=\"text-align: left;\">\n<h4><span style=\"font-family: Geneva; color: #000000;\">in diesem Land treffen         w\u00fcrde.<\/span><\/h4>\n<\/div>\n<div style=\"text-align: left;\">\n<h4><span style=\"font-family: Geneva; color: #000000;\">Die Komitees der         syrischen Protestbewegung haben stets vor einer<\/span><\/h4>\n<\/div>\n<div style=\"text-align: left;\">\n<h4><span style=\"font-family: Geneva; color: #000000;\">Militarisierung des         Aufstands gewarnt. So hei\u00dft es in einer Stellungnahme<\/span><\/h4>\n<\/div>\n<div style=\"text-align: left;\">\n<h4><span style=\"font-family: Geneva; color: #000000;\">des Zusammenschlusses         der lokalen Komitees: &#8222;Eine Militarisierung der<\/span><\/h4>\n<\/div>\n<div style=\"text-align: left;\">\n<h4><span style=\"font-family: Geneva; color: #000000;\">Revolution w\u00fcrde die         Unterst\u00fctzung und Beteiligung an der Revolution durch<\/span><\/h4>\n<\/div>\n<div style=\"text-align: left;\">\n<h4><span style=\"font-family: Geneva; color: #000000;\">das Volk minimieren. &#8230;         Militarisierung w\u00fcrde die Revolution in eine <\/span><\/h4>\n<\/div>\n<div style=\"text-align: left;\">\n<h4><span style=\"font-family: Geneva; color: #000000;\">Arena<br \/>\n<\/span><\/h4>\n<\/div>\n<div style=\"text-align: left;\">\n<h4><span style=\"font-family: Geneva; color: #000000;\">tragen, wo das Regime         einen deutlichen Vorteil hat und die moralische<\/span><\/h4>\n<\/div>\n<div style=\"text-align: left;\">\n<h4><span style=\"font-family: Geneva; color: #000000;\">\u00dcberlegenheit erodieren,         die die Revolution seit ihren Anf\u00e4ngencharakterisiert hat.&#8220;<\/span><\/h4>\n<h4><span style=\"font-family: Geneva; color: #000000;\"> Die         internationale Gemeinschaft muss Wege finden, den berechtigten zivilen und         gewaltlosen Protest<\/span><\/h4>\n<h4><span style=\"font-family: Geneva; color: #000000;\"> der B\u00fcrger und B\u00fcrgerinnen Syriens zu unterst\u00fctzen.<\/span><\/h4>\n<\/div>\n<div style=\"text-align: left;\">\n<h4><span style=\"font-family: Geneva; color: #000000;\">Eine friedliche L\u00f6sung         in Syrien w\u00e4re m\u00f6glich. Die internationale<\/span><\/h4>\n<\/div>\n<div style=\"text-align: left;\">\n<h4><span style=\"font-family: Geneva; color: #000000;\">Gemeinschaft m\u00fcsste         alles daran setzen, dass alle Kontrahenten an einen<\/span><\/h4>\n<\/div>\n<div style=\"text-align: left;\">\n<h4><span style=\"font-family: Geneva; color: #000000;\">Verhandlungstisch         kommen. Solange westliche Politiker eine<\/span><\/h4>\n<\/div>\n<div style=\"text-align: left;\">\n<h4><span style=\"font-family: Geneva; color: #000000;\">Milit\u00e4rintervention         nicht ausschlie\u00dfen und damit zu einem bewaffneten<\/span><\/h4>\n<\/div>\n<div style=\"text-align: left;\">\n<h4><span style=\"font-family: Geneva; color: #000000;\">Aufstand ermutigen, wird         dies erschwert. Eine Friedensl\u00f6sung kann auch <\/span><\/h4>\n<\/div>\n<div style=\"text-align: left;\">\n<h4><span style=\"font-family: Geneva; color: #000000;\">nicht geschehen, wenn Assad         isoliert und umgangen wird. Frieden setzt nicht auf<\/span><\/h4>\n<\/div>\n<div style=\"text-align: left;\">\n<h4><span style=\"font-family: Geneva; color: #000000;\">Kapitulation der         gegnerischen Seite. Jedes Einlenken des Assad-Regimes auf<\/span><\/h4>\n<\/div>\n<div style=\"text-align: left;\">\n<h4><span style=\"font-family: Geneva; color: #000000;\">eine Demokratisierung,         auf Zugest\u00e4ndnisse zu einer Verfassungs\u00e4nderung <\/span><\/h4>\n<\/div>\n<div style=\"text-align: left;\">\n<h4><span style=\"font-family: Geneva; color: #000000;\">oder auf freie         Parlamentswahlen kann als Hoffnungszeichen gesehen werden.<\/span><\/h4>\n<\/div>\n<div style=\"text-align: left;\">\n<h4><span style=\"font-family: Geneva; color: #000000;\">Prim\u00e4r gilt es jetzt,         eine internationale humanit\u00e4re Hilfe (humanit\u00e4rer<\/span><\/h4>\n<\/div>\n<div style=\"text-align: left;\">\n<h4><span style=\"font-family: Geneva; color: #000000;\">Korridor) &#8211; ohne         Milit\u00e4rintervention und mit Zustimmung von Damaskus &#8211; f\u00fcr<\/span><\/h4>\n<\/div>\n<div style=\"text-align: left;\">\n<h4><span style=\"font-family: Geneva; color: #000000;\">die Not leidende         Bev\u00f6lkerung in Syrien zu organisieren. Damit verbunden<\/span><\/h4>\n<\/div>\n<div style=\"text-align: left;\">\n<h4><span style=\"font-family: Geneva; color: #000000;\">braucht es unabh\u00e4ngige         Beobachtermissionen, die weder mit russischen noch<\/span><\/h4>\n<\/div>\n<div style=\"text-align: left;\">\n<h4><span style=\"font-family: Geneva; color: #000000;\">mit westlichen         Interessen verkn\u00fcpft werden k\u00f6nnten. Saudi Arabien mit <\/span><\/h4>\n<\/div>\n<div style=\"text-align: left;\">\n<h4><span style=\"font-family: Geneva; color: #000000;\">seiner repressiven Politik und         seinen westlichen Interessen sowie der <\/span><\/h4>\n<\/div>\n<div style=\"text-align: left;\">\n<h4><span style=\"font-family: Geneva; color: #000000;\">sunnitischen Orientierung ist ein         schlechter Vermittler in einem Land, das aufgrund<\/span><\/h4>\n<\/div>\n<div style=\"text-align: left;\">\n<h4><span style=\"font-family: Geneva; color: #000000;\">seiner Partnerschaft mit         dem Iran eine schiitische Option ergriffen hat.<\/span><\/h4>\n<\/div>\n<div style=\"text-align: left;\">\n<h4><span style=\"font-family: Geneva; color: #000000;\">Neben den Vereinten         Nationen k\u00f6nnten aber andere Staaten oder anerkannte<\/span><\/h4>\n<\/div>\n<div style=\"text-align: left;\">\n<h4><span style=\"font-family: Geneva; color: #000000;\">Staatspersonen eine         Vermittlerrolle einnehmen. Hier l\u00e4ge auch eine<\/span><\/h4>\n<\/div>\n<div style=\"text-align: left;\">\n<h4><span style=\"font-family: Geneva; color: #000000;\">spezifische Rolle eines         kleinen neutralen Landes wie \u00d6sterreich.<\/span><\/h4>\n<\/div>\n<div style=\"text-align: left;\">\n<h4><span style=\"font-family: Geneva; color: #000000;\">Auf jeden Fall gilt:         Gewalt ist keine Antwort, da sie grundlegendste<\/span><\/h4>\n<\/div>\n<div style=\"text-align: left;\">\n<h4><span style=\"font-family: Geneva; color: #000000;\">Menschenrechte au\u00dfer         Kraft setzen w\u00fcrde.<\/span><\/h4>\n<\/div>\n<div style=\"text-align: left;\">\n<h4><span style=\"font-family: Geneva; color: #000000;\"><br \/>\n<\/span><\/h4>\n<\/div>\n<div style=\"text-align: left;\">\n<h2><span style=\"font-family: Geneva; color: #000000;\"> <strong>Kein zweites Libyen in<\/strong><\/span><strong><span style=\"font-family: Geneva; color: #000000;\"> Syrien! <\/span><\/strong><\/h2>\n<\/div>\n<div style=\"text-align: left;\">\n<h2><strong><span style=\"font-family: Geneva; color: #000000;\">Nein zur Bewaffnung der         Aufst\u00e4ndischen, Nein zu B\u00fcrgerkrieg und<\/span><\/strong><\/h2>\n<\/div>\n<div style=\"text-align: left;\">\n<h2><strong><span style=\"font-family: Geneva; color: #000000;\">Milit\u00e4rintervention! <\/span><\/strong><\/h2>\n<\/div>\n<div style=\"text-align: left;\">\n<h2><strong><span style=\"font-family: Geneva; color: #000000;\">Ja         zur Unterst\u00fctzung der gewaltfreien Protestbewegung<\/span><\/strong><\/h2>\n<\/div>\n<div style=\"text-align: left;\">\n<h2><strong><span style=\"font-family: Geneva; color: #000000;\">und zur Demokratisierung         Syriens!<\/span><\/strong><\/h2>\n<\/div>\n<div style=\"text-align: left;\">\n<h4><span style=\"font-family: Geneva; color: #000000;\">Pax Christi \u00d6sterreich &#8211;         Vorstand vom 18.2.2012<\/span><\/h4>\n<\/div>\n<h4><span style=\"font-family: Geneva; color: #000000;\"> <a href=\"https:\/\/service.gmx.net\/de\/cgi\/g.fcgi\/mail\/new?CUSTOMERNO=18763540&amp;t=de694514982.1329684844.ce04831e&amp;to=info%40begegnungszentrum.at\" target=\"_parent\">info@begegnungszentrum.at<\/a><\/span><\/h4>\n<div style=\"text-align: left;\">\n<h4><span style=\"font-family: Geneva; color: #000000;\"> Matthias Reichl,         Pressesprecher\/ press speaker,<\/span><\/h4>\n<\/div>\n<div style=\"text-align: left;\">\n<h4><span style=\"font-family: Geneva; color: #000000;\"> Begegnungszentrum         fuer aktive Gewaltlosigkeit<\/span><\/h4>\n<\/div>\n<div style=\"text-align: left;\">\n<h4><span style=\"font-family: Geneva; color: #000000;\"> Center for         Encounter and active Non-Violence<\/span><\/h4>\n<\/div>\n<div style=\"text-align: left;\">\n<h4><span style=\"font-family: Geneva; color: #000000;\"> Wolfgangerstr. 26,         4820 Bad Ischl, Austria,<\/span><\/h4>\n<\/div>\n<div style=\"text-align: left;\">\n<h4><span style=\"font-family: Geneva; color: #000000;\"> fon: +43 6132         24590, Informationen\/ informations,<\/span><\/h4>\n<\/div>\n<div style=\"text-align: left;\">\n<h4><span style=\"font-family: Geneva; color: #000000;\"> Impressum in: <a href=\"https:\/\/service.gmx.net\/de\/cgi\/derefer?TYPE=3&amp;DEST=http%3A%2F%2Fwww.begegnungszentrum.at\" target=\"_blank\">http:\/\/www.begegnungszentrum.at<\/a><\/span><\/h4>\n<\/div>\n","protected":false},"excerpt":{"rendered":"<p>Pax Christi \u00d6sterreich &#8211; Vorstand 18.2.2012<\/p>\n","protected":false},"author":2,"featured_media":0,"comment_status":"open","ping_status":"open","sticky":false,"template":"","format":"standard","meta":{"footnotes":""},"categories":[1,5],"tags":[],"class_list":["post-1957","post","type-post","status-publish","format-standard","hentry","category-allgemein","category-arabischer-raum"],"_links":{"self":[{"href":"https:\/\/www.friedensplattform.at\/index.php?rest_route=\/wp\/v2\/posts\/1957","targetHints":{"allow":["GET"]}}],"collection":[{"href":"https:\/\/www.friedensplattform.at\/index.php?rest_route=\/wp\/v2\/posts"}],"about":[{"href":"https:\/\/www.friedensplattform.at\/index.php?rest_route=\/wp\/v2\/types\/post"}],"author":[{"embeddable":true,"href":"https:\/\/www.friedensplattform.at\/index.php?rest_route=\/wp\/v2\/users\/2"}],"replies":[{"embeddable":true,"href":"https:\/\/www.friedensplattform.at\/index.php?rest_route=%2Fwp%2Fv2%2Fcomments&post=1957"}],"version-history":[{"count":0,"href":"https:\/\/www.friedensplattform.at\/index.php?rest_route=\/wp\/v2\/posts\/1957\/revisions"}],"wp:attachment":[{"href":"https:\/\/www.friedensplattform.at\/index.php?rest_route=%2Fwp%2Fv2%2Fmedia&parent=1957"}],"wp:term":[{"taxonomy":"category","embeddable":true,"href":"https:\/\/www.friedensplattform.at\/index.php?rest_route=%2Fwp%2Fv2%2Fcategories&post=1957"},{"taxonomy":"post_tag","embeddable":true,"href":"https:\/\/www.friedensplattform.at\/index.php?rest_route=%2Fwp%2Fv2%2Ftags&post=1957"}],"curies":[{"name":"wp","href":"https:\/\/api.w.org\/{rel}","templated":true}]}}