{"id":1972,"date":"2012-02-26T22:22:23","date_gmt":"2012-02-26T20:22:23","guid":{"rendered":"http:\/\/www.luxorbis.org\/friedensplattform.at\/?p=1972"},"modified":"2012-02-26T22:22:23","modified_gmt":"2012-02-26T20:22:23","slug":"globaler-marsch-nach-jerusalem-am-30-maerz","status":"publish","type":"post","link":"https:\/\/www.friedensplattform.at\/?p=1972","title":{"rendered":"Globaler Marsch nach Jerusalem am 30. M&#228;rz"},"content":{"rendered":"<h2><strong>Die \u00f6sterreichischen TeilnehmerInnen stellen sich vor. <\/strong>Sa. 10. M\u00e4rz 2012, 19h Wien<\/h2>\n<p><strong><!--more--><\/strong>Sa. 10. M\u00e4rz 2012, 19h<br \/>\n\u00d6sterreichisch-Arabisches Kulturzentrum (Okaz)<br \/>\nGu\u00dfhausstr. 14\/3, 1040 Wien<\/p>\n<p>Weitere RednerInnen:<\/p>\n<p>\u2022\u00a0\u00a0 \u00a0Annette Groth?<\/p>\n<p>\u2022\u00a0\u00a0 \u00a0Anna-Maria Steiner, Graz?<br \/>\n\u2022\u00a0\u00a0 \u00a0Wolfgang Gombocz, AoProf. i.R. KFU Graz, Institut f\u00fcr Philosophie (aktiv 1968-2010), Korr. Mitglied der Akademie der Wissenschaften zu Laibach\/Ljubljana, Slowenien?<\/p>\n<p>Eine breite und bunte Koalition von Initiativen aus Nahost, Asien, Europa und Amerika wird sich am Tag des Bodens, dem 30.M\u00e4rz, zu einem Globalen Marsch nach Jerusalem (GMJ) zusammenfinden. Ausgangspunkte sind Beirut, Amman und eventuell Kairo, w\u00e4hrend es gleichzeitig Kundgebungen in Jerusalem, dem Westjordanland, Gaza und auch Israel geben wird.<\/p>\n<p>Unterst\u00fctzung haben so prominente wie unterschiedliche Leute wie der s\u00fcdafrikanische Erzbischof und Friedensnobelpreis Desmond Tutu, die Witwe des verstorbenen EZB-Chefs, Gretta Duisenberg, die amerikanische Reformrabbinerin Lynn Gottlieb oder der britische Parlamentarier George Galloway zugesagt.<\/p>\n<p>Politisch mit dabei sind in Deutschland die Parlamentarierin der Linken, Annette Groth, die bereits am Schiff nach Gaza beteiligt war, Felicia Langer, die deutsch-j\u00fcdische Anw\u00e4ltin und Menschenrechtsaktivisten oder auch Evelyn Hecht-Galinski, die scharfz\u00fcngige Publizistin und Tochter des ehemaligen Pr\u00e4sidenten des Zentralrat der Juden.<\/p>\n<p>Ziel ist es der unrechtm\u00e4\u00dfigen Inbesitznahme Jerusalems durch Israel entgegenzuwirken. Getreu ihrem Kolonisierungsprojekt versuchen die Zionisten systematisch die Pal\u00e4stinenser zu vertreiben. Das verletzt den gemeinsamen Anspruch von Judentum, Christentum und Islam auf die Heilige Stadt, die f\u00fcr uns als Symbol f\u00fcr Gemeinsamkeit, Toleranz und Demokratie steht.<\/p>\n<p>www.gazamussleben.at<\/p>\n<p>Eine Liste der Unterst\u00fctzer sowie weitere Informationen finden sich:<br \/>\nwww.jerusalem-marsch.de<\/p>\n","protected":false},"excerpt":{"rendered":"<p>Die \u00f6sterreichischen TeilnehmerInnen stellen sich vor. Sa. 10. M\u00e4rz 2012, 19h Wien<\/p>\n","protected":false},"author":2,"featured_media":0,"comment_status":"open","ping_status":"open","sticky":false,"template":"","format":"standard","meta":{"footnotes":""},"categories":[1,18],"tags":[],"class_list":["post-1972","post","type-post","status-publish","format-standard","hentry","category-allgemein","category-palaestina-solidaritaet"],"_links":{"self":[{"href":"https:\/\/www.friedensplattform.at\/index.php?rest_route=\/wp\/v2\/posts\/1972","targetHints":{"allow":["GET"]}}],"collection":[{"href":"https:\/\/www.friedensplattform.at\/index.php?rest_route=\/wp\/v2\/posts"}],"about":[{"href":"https:\/\/www.friedensplattform.at\/index.php?rest_route=\/wp\/v2\/types\/post"}],"author":[{"embeddable":true,"href":"https:\/\/www.friedensplattform.at\/index.php?rest_route=\/wp\/v2\/users\/2"}],"replies":[{"embeddable":true,"href":"https:\/\/www.friedensplattform.at\/index.php?rest_route=%2Fwp%2Fv2%2Fcomments&post=1972"}],"version-history":[{"count":0,"href":"https:\/\/www.friedensplattform.at\/index.php?rest_route=\/wp\/v2\/posts\/1972\/revisions"}],"wp:attachment":[{"href":"https:\/\/www.friedensplattform.at\/index.php?rest_route=%2Fwp%2Fv2%2Fmedia&parent=1972"}],"wp:term":[{"taxonomy":"category","embeddable":true,"href":"https:\/\/www.friedensplattform.at\/index.php?rest_route=%2Fwp%2Fv2%2Fcategories&post=1972"},{"taxonomy":"post_tag","embeddable":true,"href":"https:\/\/www.friedensplattform.at\/index.php?rest_route=%2Fwp%2Fv2%2Ftags&post=1972"}],"curies":[{"name":"wp","href":"https:\/\/api.w.org\/{rel}","templated":true}]}}