{"id":2076,"date":"2012-03-21T23:20:21","date_gmt":"2012-03-21T21:20:21","guid":{"rendered":"http:\/\/www.luxorbis.org\/friedensplattform.at\/?p=2076"},"modified":"2012-03-21T23:20:21","modified_gmt":"2012-03-21T21:20:21","slug":"demonstration-am-23-3-2012","status":"publish","type":"post","link":"https:\/\/www.friedensplattform.at\/?p=2076","title":{"rendered":"Demonstration am 23.3.2012"},"content":{"rendered":"<h2><strong>Demonstration gegen den Sozialabbau in Land und Bund<\/strong><\/h2>\n<h3><strong>Es reicht! F\u00fcr alle. Fair teilen statt k\u00fcrzen.<\/strong><\/h3>\n<p><strong> <\/strong><\/p>\n<p><strong> <\/strong><\/p>\n<p><strong> <\/strong><\/p>\n<p><strong> <\/strong><\/p>\n<p><strong>Freitag, 23.03.2012, 15.00 Uhr<\/strong><\/p>\n<p><strong> <\/strong><\/p>\n<p><strong>Treffpunkt: Mariahilferplatz<\/strong><\/p>\n<p><strong> <\/strong><\/p>\n<p><strong>Route: Mariahilferplatz \u2013 S\u00fcdtiroler Platz \u2013 Hauptbr\u00fccke \u2013 Hauptplatz \u2013 Herrengasse<\/strong><\/p>\n<p><strong> <\/strong><\/p>\n<p><strong>Abschlusskundgebung vor dem Landhaus<\/strong><\/p>\n<p><strong> <\/strong><\/p>\n<p><strong> <\/strong><\/p>\n<p><strong> <\/strong><\/p>\n<p><!--more--><\/p>\n<p><strong>Die Budgetk\u00fcrzungen der Landesregierung sind der massivste  Anschlag auf soziale Standards und Lebensqualit\u00e4t, den die steirische  Bev\u00f6lkerung in den letzten Jahrzehnten erlebt hat. Breite  Bev\u00f6lkerungsschichten sind betroffen:<\/strong><\/p>\n<ul>\n<li>Die drastischen Einschnitte bei Leistungen f\u00fcr Menschen mit  Behinderung und f\u00fcr Kinder und Jugendliche verletzen die UN-Konvention  \u00fcber die Rechte von Menschen mit Behinderungen und die  UN-Kinderrechtskonvention.<\/li>\n<li>Im Sozialbereich verloren hunderte Besch\u00e4ftigte ihre Jobs und versch\u00e4rften sich die Arbeitsbedingungen dramatisch.<\/li>\n<li>Regress bei Pflege und Mindestsicherung, sowie die  Verschlechterungen bei Mindestsicherung und Wohnbeihilfe treffen  Menschen, die die Hilfe der Gesellschaft am notwendigsten brauchen.<\/li>\n<li>Kulturschaffende verlieren nicht nur F\u00f6rderungen, sondern mit der  Kulturabteilung und dem Kulturbeirat auch ihre AnsprechpartnerInnen im  Land.<\/li>\n<li>Nicht einmal vor Kindern macht der Rotstift halt: Die Kindergartengeb\u00fchr wurde wieder eingef\u00fchrt, Schulen werden geschlossen.<\/li>\n<li>Frauen sind mehrfach durch K\u00fcrzungen betroffen und belastet: als  M\u00fctter oder Angeh\u00f6rige von Pflegebed\u00fcrftigen, als Besch\u00e4ftigte im  weiblich dominierten Sozialbereich oder als Bezieherinnen von  Mindestsicherung \u2013 denn auch die Armut ist mehrheitlich weiblich.<\/li>\n<\/ul>\n<p><strong> <\/strong><\/p>\n<p><strong>Eine dramatische Zuspitzung bringt das K\u00fcrzungspaket auf Bundesebene: <\/strong>Da  die L\u00e4nder 5,2 Milliarden Euro dazu beitragen sollen, ist in der  Steiermark mit einer nochmaligen Versch\u00e4rfung des brutalen  Kahlschlagkurses zu rechnen. Die Einschnitte im Bundesbudget treffen  \u00a0wieder einmal breite Bev\u00f6lkerungsschichten, w\u00e4hrend die Verm\u00f6gen und  Erbschaften der Superreichen ungeschoren (und unbesteuert) davonkommen.  Der Sozialstaat ist angeblich zu teuer, f\u00fcr die milliardenschwere  Abdeckung der Spekulationsverluste der Banken gibt es aber genug Geld!<\/p>\n<p>Die K\u00fcrzungspakete von Land und Bund werden unter Missachtung  elementarer parlamentarischer Spielregeln beschlossen, das\u00a0 \u201ePrinzip  Dr\u00fcberfahren\u201c wird zur obersten Maxime erhoben.\u00a0 <strong> <\/strong><\/p>\n<p><strong> <\/strong><\/p>\n<p><strong> <\/strong><\/p>\n<p><strong>DIESE SCHEIBCHENWEISE DEMONTAGE DES SOZIALSTAATES UND DER DEMOKRATIE D\u00dcRFEN WIR NICHT ZULASSEN! <\/strong><\/p>\n<p><strong> <\/strong><\/p>\n<p><strong>DIE PLATTFORM 25 FORDERT DAHER: <\/strong><\/p>\n<p><strong> <\/strong><\/p>\n<ul>\n<li><strong>Wir fordern plus 25 % f\u00fcr Kultur, Soziales, Frauen, \u00a0Bildung UND GESUNDHEIT!<\/strong><strong> <\/strong>Die  Finanzierung dieser Bereiche muss ebenso selbstverst\u00e4ndlich sein wie  die Aufrechterhaltung von Infrastruktur wie Wasser- und  Energieversorgung.<\/li>\n<\/ul>\n<p><strong> <\/strong><\/p>\n<ul>\n<li>Wir fordern wirksame Sofortma\u00dfnahmen zur Einhaltung der  UN-Kinderrechtskonvention und der UN-Konvention f\u00fcr Menschen mit  Behinderungen, sowie zur Armutsbek\u00e4mpfung!<\/li>\n<\/ul>\n<p><strong> <\/strong><\/p>\n<ul>\n<li>Wir fordern Verm\u00f6genssteuern statt Sozialabbau zur Sanierung der \u00f6ffentlichen Haushalte!<strong> <\/strong><\/li>\n<\/ul>\n<p><strong> <\/strong><\/p>\n<ul>\n<li>Wir fordern \u00f6ffentliche Mittel, um die tats\u00e4chliche Gleichstellung\u00a0 von Frauen und M\u00e4nnern herzustellen!<\/li>\n<\/ul>\n<p><a href=\"http:\/\/www.plattform25.at\/\">Von Plattform 25<\/a><\/p>\n","protected":false},"excerpt":{"rendered":"<p>Demonstration gegen den Sozialabbau in Land und Bund Es reicht! F\u00fcr alle. Fair teilen statt k\u00fcrzen. Freitag, 23.03.2012, 15.00 Uhr Treffpunkt: Mariahilferplatz Route: Mariahilferplatz \u2013 S\u00fcdtiroler Platz \u2013 Hauptbr\u00fccke \u2013 Hauptplatz \u2013 Herrengasse Abschlusskundgebung vor dem Landhaus<\/p>\n","protected":false},"author":1,"featured_media":0,"comment_status":"open","ping_status":"open","sticky":false,"template":"","format":"standard","meta":{"footnotes":""},"categories":[1],"tags":[],"class_list":["post-2076","post","type-post","status-publish","format-standard","hentry","category-allgemein"],"_links":{"self":[{"href":"https:\/\/www.friedensplattform.at\/index.php?rest_route=\/wp\/v2\/posts\/2076","targetHints":{"allow":["GET"]}}],"collection":[{"href":"https:\/\/www.friedensplattform.at\/index.php?rest_route=\/wp\/v2\/posts"}],"about":[{"href":"https:\/\/www.friedensplattform.at\/index.php?rest_route=\/wp\/v2\/types\/post"}],"author":[{"embeddable":true,"href":"https:\/\/www.friedensplattform.at\/index.php?rest_route=\/wp\/v2\/users\/1"}],"replies":[{"embeddable":true,"href":"https:\/\/www.friedensplattform.at\/index.php?rest_route=%2Fwp%2Fv2%2Fcomments&post=2076"}],"version-history":[{"count":0,"href":"https:\/\/www.friedensplattform.at\/index.php?rest_route=\/wp\/v2\/posts\/2076\/revisions"}],"wp:attachment":[{"href":"https:\/\/www.friedensplattform.at\/index.php?rest_route=%2Fwp%2Fv2%2Fmedia&parent=2076"}],"wp:term":[{"taxonomy":"category","embeddable":true,"href":"https:\/\/www.friedensplattform.at\/index.php?rest_route=%2Fwp%2Fv2%2Fcategories&post=2076"},{"taxonomy":"post_tag","embeddable":true,"href":"https:\/\/www.friedensplattform.at\/index.php?rest_route=%2Fwp%2Fv2%2Ftags&post=2076"}],"curies":[{"name":"wp","href":"https:\/\/api.w.org\/{rel}","templated":true}]}}