{"id":2078,"date":"2012-03-22T23:12:56","date_gmt":"2012-03-22T21:12:56","guid":{"rendered":"http:\/\/www.luxorbis.org\/friedensplattform.at\/?p=2078"},"modified":"2012-03-22T23:12:56","modified_gmt":"2012-03-22T21:12:56","slug":"juergen-heiducoff-die-lektion-von-panjwai","status":"publish","type":"post","link":"https:\/\/www.friedensplattform.at\/?p=2078","title":{"rendered":"J&#252;rgen Heiducoff Die Lektion von Panjwai:"},"content":{"rendered":"<h2>Krieg ist immer ein Verbrechen! 19.03.2012<\/h2>\n<p><!--more--><\/p>\n<p>Im Panjwai\u2013Distrikt im S\u00fcden Afghanistans sind schlafende Bewohner in  ihren H\u00e4usern ermordet worden. Dieses Verbrechen soll als die Tat eines  einzelnen verwirrten US-Soldaten herabgespielt werden. Als sei ein  einzelner Soldat in der Lage, sein gut bewachtes Camp zu verlassen und  in paschtunische Geh\u00f6fte einzudringen, um dort zu morden. Die ganze  Wahrheit kommt nun scheibchenweise an die \u00d6ffentlichkeit.<\/p>\n<p>Die wirklich Verantwortlichen haben ihr  \u201eBauernopfer\u201c gefunden. Weil einer der T\u00e4ter in  US-Uniform sich  gestellt hat, wird er nun bestraft werden, vielleicht mit der h\u00e4rtesten  und unmenschlichsten aller Strafen. Nach deren Vollstreckung kann er  keine Aussagen mehr machen. Damit er auch vorher nichts Unpassendes  \u00e4u\u00dfert, ist er isoliert und au\u00dfer Landes gebracht worden.<\/p>\n<p>Der \u201eEinzelt\u00e4ter\u201c und seine Familie werden die  Strafe erleiden m\u00fcssen &#8211; stellvertretend f\u00fcr alle Schuldigen an diesem  schrecklichen Massaker. Wo bleiben die Strafen, wenigstens die  Konsequenzen f\u00fcr die verantwortlichen Kommandeure, f\u00fcr die Politiker,  die diesen sinnlosen Krieg vom Zaune gebrochen haben?<\/p>\n<p>Es soll in diesem Zusammenhang nicht unerw\u00e4hnt  bleiben, dass die Gegend des Panjwai-Distriktes bereits in den Jahren  2006\/07 Schauplatz verlustreicher milit\u00e4rischer Gefechte war, die in  ihrer Summe sicher als die Schlacht um Panjwai in die Kriegsgeschichte  eingehen werden.<\/p>\n<p>Nach der Ausdehnung des Stationierungsraumes  der NATO-gef\u00fchrten ISAF-Truppen von Kabul auf das gesamte Land kam es  erwartungsgem\u00e4\u00df im S\u00fcden zum Widerstand paschtunischer Rebellen. Zu  dessen Zerschlagung ist die <a href=\"http:\/\/en.wikipedia.org\/wiki\/Operation_Medusa%22\">ISAF-Operation \u201eMedusa\u201c<\/a> (September 2006) durchgef\u00fchrt worden. Trotz begrifflicher Anlehnung an  die griechische Mythologie gelang es in dieser NATO\u2013 \u201eSchl\u00fcsselschlacht\u201c  jedoch nicht, dem paschtunischen Widerstand den Kopf abzuschlagen.  Deshalb wurde eine weitere ISAF &#8211; Operation unter der Bezeichnung  \u201eFalcon Summit\u201c (\u201eFalkengipfel\u201c \/ Dezember 2006 und Januar 2007)  durchgef\u00fchrt. Diese Operationen und deren Logistik sind im  ISAF-Hauptquartier geplant und in zahlreichen Briefings \u2013 auch gegen\u00fcber  deutschen Parlamentariern \u2013 durch deutsche Gener\u00e4le und Offiziere als  erfolgreich interpretiert und als die letzte \u201eoffene Feldschlacht\u201c mit  den Taliban dargestellt worden.<\/p>\n<p>Weitere, den Krieg verherrlichende Quellen zur Schl\u00fcsselschlacht \u201eMedusa\u201c: <a href=\"http:\/\/www.legionmagazine.com\/en\/index.php\/2008\/01\/operation-medus-part-3-the-fall-of-objective-rugby\/\">legionmagazine.com<\/a>, <a href=\"http:\/\/www.longwarjournal.org\/archives\/2006\/09\/nato_led_forces_kill.php\">longwarjournal.org<\/a>.<\/p>\n<p>In den folgenden Monaten wurde auf  Initiative und mit Steuergeldern aus Deutschland in eben dieser Gegend  ein umfangreiches Stra\u00dfenbauprojekt finanziert. Dies wurde als ein  bedeutsamer Schritt der Entwicklungshilfe deklariert. Es sollte der  wirtschaftlichen Entwicklung der Region dienen. In Wirklichkeit diente  es der Vervollkommnung der milit\u00e4rischen Infrastruktur vor allem im  Interesse der dort stationierten NATO \u2013 Verb\u00e4nde der USA und Kanadas.  Als ob die armen paschtunischen Bauern der Region \u00fcber die Menge der  Fahrzeuge verf\u00fcgten, die ein solches Stra\u00dfenbauprojekt rechtfertigten.<\/p>\n<p>Auch in den darauf folgenden Jahren blieb die Gegend Operationsgebiet der NATO in ihrem \u201eCounter Insurgency Engagement\u201c.<\/p>\n<p>Da in diesem Kriegsgebiet eine freie Bewegung  der Menschen nicht ohne Gefahr f\u00fcr Leib und Leben m\u00f6glich ist, blieb es  bis heute eine \u201eNo Go Region\u201c. Informationen \u00fcber die Lage gelangen kaum  nach Kabul und damit an die \u00d6ffentlichkeit. Keiner hier im Westen wei\u00df,  welche Gr\u00e4ueltaten die Menschen, deren Heimat zu einem Schlachtfeld  wurde, in all den Jahren erleiden mussten.<\/p>\n<p>Die Menschen von Panjwai waren, sind und bleiben Opfer eines Krieges, den sie nicht verschulden.<\/p>\n<p>Das Massaker von Panjwai war nicht das erste  Verbrechen \u201eMade in USA\u201c in einem ihrer zahlreichen Kriege. Und leider  wird es nicht das letzte bleiben. Dies wird sich leider immer  wiederholen, solange Kriege dieser Art gef\u00fchrt werden. Angriffskriege  provozieren Morde und Massaker \u2013 sie sind selbst ein Verbrechen.<\/p>\n<p>Einzelt\u00e4ter werden geopfert f\u00fcr die Verbrechen  eines Systems! Damit meine ich nicht (nur) Amerika, sondern alle  Strukturen, denen der Krieg innewohnt. Damit meine ich die Staaten, die  den Eliten eines Kapitalismus der Hochtechnologier\u00fcstung die Freiheit  gew\u00e4hren, ihre menschenverachtenden Produkte herzustellen, anzubieten,  zu verkaufen und sich nach eigenen Gesetzen zu entfalten. Folgerichtig  sind diese Eliten am Einsatz und an der Erprobung ihrer Waffen  interessiert. Auf Grund ihrer Kapitalkraft haben diese Leute einen  etablierten Platz in der \u201efreien Welt\u201c errungen, sind einflussreich und  geachtet.<\/p>\n<p>Dadurch wird immer neuen Kriegen und neuen  Kriegsverbrechen der N\u00e4hrboden gegeben. Politische und milit\u00e4rische  F\u00fchrer, die ein besonderes Engagement bei der Vorbereitung und F\u00fchrung  von Angriffskriegen entwickeln, werden gef\u00f6rdert. Menschen, die sich  gegen jegliche Kriege einsetzen werden ausgegrenzt. Ihnen wird weder die  Freiheit gegeben, ihre Auffassungen und Argumente in den \u201eMainstream &#8211;  Medien\u201c zu vertreten, noch wird ihr Kampf geb\u00fchrend gesellschaftlich  gew\u00fcrdigt.<\/p>\n<p>Die Aktivisten der Friedensbewegung wollen den Krieg als Mittel der Politik aus dem Leben der Menschheit verbannen.<\/p>\n<p>Dies ist jedoch nur m\u00f6glich, wenn den Kr\u00e4ften,  die an seiner Vorbereitung und F\u00fchrung Unmengen verdienen, das Handwerk  gelegt wird.<\/p>\n<p>Denn: Kriege sind nicht die Summe der  Verbrechen einzelner verwirrter, kranker Soldaten. Sie sind die  Vollstreckung des unmoralischen Willens einflussreicher Eliten unserer  \u201efreien Welt\u201c.<\/p>\n<p><strong>J\u00fcrgen Heiducoff ist Autor des Aachener Friedensmagazins www.aixpaix.de. Seine Beitr\u00e4ge finden Sie <a href=\"http:\/\/www.aixpaix.de\/autoren\/heiducoff\/heiducoff.html\">hier<\/a><\/strong><\/p>\n","protected":false},"excerpt":{"rendered":"<p>Krieg ist immer ein Verbrechen! 19.03.2012<\/p>\n","protected":false},"author":2,"featured_media":0,"comment_status":"open","ping_status":"open","sticky":false,"template":"","format":"standard","meta":{"footnotes":""},"categories":[25,1],"tags":[],"class_list":["post-2078","post","type-post","status-publish","format-standard","hentry","category-afghanistan","category-allgemein"],"_links":{"self":[{"href":"https:\/\/www.friedensplattform.at\/index.php?rest_route=\/wp\/v2\/posts\/2078","targetHints":{"allow":["GET"]}}],"collection":[{"href":"https:\/\/www.friedensplattform.at\/index.php?rest_route=\/wp\/v2\/posts"}],"about":[{"href":"https:\/\/www.friedensplattform.at\/index.php?rest_route=\/wp\/v2\/types\/post"}],"author":[{"embeddable":true,"href":"https:\/\/www.friedensplattform.at\/index.php?rest_route=\/wp\/v2\/users\/2"}],"replies":[{"embeddable":true,"href":"https:\/\/www.friedensplattform.at\/index.php?rest_route=%2Fwp%2Fv2%2Fcomments&post=2078"}],"version-history":[{"count":0,"href":"https:\/\/www.friedensplattform.at\/index.php?rest_route=\/wp\/v2\/posts\/2078\/revisions"}],"wp:attachment":[{"href":"https:\/\/www.friedensplattform.at\/index.php?rest_route=%2Fwp%2Fv2%2Fmedia&parent=2078"}],"wp:term":[{"taxonomy":"category","embeddable":true,"href":"https:\/\/www.friedensplattform.at\/index.php?rest_route=%2Fwp%2Fv2%2Fcategories&post=2078"},{"taxonomy":"post_tag","embeddable":true,"href":"https:\/\/www.friedensplattform.at\/index.php?rest_route=%2Fwp%2Fv2%2Ftags&post=2078"}],"curies":[{"name":"wp","href":"https:\/\/api.w.org\/{rel}","templated":true}]}}