{"id":2085,"date":"2012-04-01T09:37:20","date_gmt":"2012-04-01T07:37:20","guid":{"rendered":"http:\/\/www.luxorbis.org\/friedensplattform.at\/?p=2085"},"modified":"2012-04-01T09:37:20","modified_gmt":"2012-04-01T07:37:20","slug":"gemeinsam-gegen-landminen","status":"publish","type":"post","link":"https:\/\/www.friedensplattform.at\/?p=2085","title":{"rendered":"Gemeinsam gegen Landminen"},"content":{"rendered":"<p><strong>Dienstag, 10. April 2012:\u00a0<strong>Landminen<\/strong> &#8211; Leben in unsichtbaren Gef\u00e4ngnissen<\/strong><\/p>\n<p>Quelle: <a href=\"http:\/\/www.friedensnews.at\/2012\/03\/31\/gemeinsam-gegen-landminen-2\/\" target=\"_blank\">friedensnews<\/a><strong><!--more--><\/strong><\/p>\n<p><strong>Maga. Iwona Tscheinig (Gruppe Gemeinsam gegen Landminen)<\/strong><\/p>\n<p><strong>Friedensinitiative Donaustadt, Wien<\/strong><br \/>\n<span id=\"more-14098\"> <\/span><\/p>\n<p><strong>GGL Austria \u2013 Gemeinsam gegen Landminen<\/strong><\/p>\n<blockquote><p>Eine Welt, in der von Menschen f\u00fcr Menschen erdachte und  gemachte Fallen der Vergangenheit angeh\u00f6ren, in der sich alle Menschen  frei von versteckten Bedrohungen entwickeln d\u00fcrfen, in der alle Kinder  ohne Angst und ohne Gefahr spielen, lernen, lachen und voll Vertrauen in  die Zukunft blicken k\u00f6nnen.<\/p>\n<p>Im Sinne dieser Idee f\u00fchlen wir uns dem Menschen, seiner lebenswerten  Umwelt und der friedvollen Entwicklung der Welt verpflichtet. Die  Grundlage unserer T\u00e4tigkeit \u2013 des Engagements gegen Landminen und f\u00fcr  ein friedliches Miteinander \u2013 ist unsere tiefe humanit\u00e4re \u00dcberzeugung.<\/p>\n<p>Wir f\u00fchlen uns mit allen jenen Institutionen und Personen verbunden,  die ihre Kraft in diesem Sinne einsetzen und mit friedlichen und legalen  Mitteln an dieser gemeinsamen Vision arbeiten.<\/p><\/blockquote>\n<p>Jeden zweiten Dienstag im Monat trifft sich die FI 22 um 19.00 Uhr in der Donaucitykirche, 1220 <strong>Wien, Donaucitystra\u00dfe 2<br \/>\n<\/strong>(U1 Kaiserm\u00fchlen \u2013 VIC).<\/p>\n<div>\n<h1>Gesch\u00e4ftsstelle Wien<\/h1>\n<\/div>\n<div>\n<div>\n<dl>\n<dt><img loading=\"lazy\" decoding=\"async\" src=\"http:\/\/www.ggl-austria.at\/typo3temp\/pics\/63615dc706.jpg\" border=\"0\" alt=\"\" width=\"150\" height=\"198\" \/><\/dt>\n<\/dl>\n<\/div>\n<div>\n<p><strong><strong>Mag. Iwona Tscheinig &#8211; <\/strong>Generalsekret\u00e4rin von Gemeinsam gegen Landminen<\/strong><strong> <\/strong><\/p>\n<blockquote><p>warum ich mich f\u00fcr die Arbeit bei GGL entschieden habe? Hier ist meine Geschichte:<\/p>\n<p>Im Sommer 2006 war ich mit meinen Kindern in Kambodscha. Zuerst sah  ich das wundersch\u00f6ne Land, die Kultur, die Sehensw\u00fcrdigkeiten.<\/p>\n<p>Dann sah ich die Menschen.<\/p>\n<p>Es fiel mir auf, dass unverh\u00e4ltnism\u00e4\u00dfig vielen Personen Gliedma\u00dfen  fehlten: ich sah M\u00e4nner ohne H\u00e4nde, Frauen ohne Beine, Kinder auf  Kr\u00fccken und mit entstellten Gesichtern. Ja, ich wusste, dass es in  Kambodscha ein gro\u00dfes Minenproblem gab. Aber als Europ\u00e4erin war mir  diese Problematik so fern, dass ich mir gar keine Gedanken dar\u00fcber  machte. Bis ich in Kambodscha die Minenopfer sah.<\/p>\n<p>Der <strong>Besuch im <a href=\"http:\/\/www.cambodialandminemuseum.org\/menu.html\" target=\"_blank\">\u201eLandmine Museum\u201c in Siam Reap<\/a><\/strong> hat mich vollends \u00fcberzeugt, dass es wichtig ist dagegen zu wirken:  gegen die Landminen, gegen die Gefahr die sie mit sich bringen, f\u00fcr die  Menschen und ihre unversehrte Zukunft.\u00a0 Es ist sch\u00f6n, nach vielen Jahren  in der Privatwirtschaft nun f\u00fcr Gemeinsam gegen Landminen arbeiten zu  d\u00fcrfen.<\/p><\/blockquote>\n<p>Kontakt:\u00a0<a title=\"Opens window for sending email\" href=\"mailto:iwona.tscheinig@ggl-austria.at\">iwona.tscheinig@ggl-austria.at<\/a><\/div>\n<\/div>\n<h2>Link<\/h2>\n<p><a href=\"http:\/\/www.ggl-austria.at\/\" target=\"_blank\">http:\/\/www.ggl-austria.at<\/a><\/p>\n","protected":false},"excerpt":{"rendered":"<p>Dienstag, 10. April 2012:\u00a0Landminen &#8211; Leben in unsichtbaren Gef\u00e4ngnissen Quelle: friedensnews<\/p>\n","protected":false},"author":2,"featured_media":0,"comment_status":"open","ping_status":"open","sticky":false,"template":"","format":"standard","meta":{"footnotes":""},"categories":[1],"tags":[],"class_list":["post-2085","post","type-post","status-publish","format-standard","hentry","category-allgemein"],"_links":{"self":[{"href":"https:\/\/www.friedensplattform.at\/index.php?rest_route=\/wp\/v2\/posts\/2085","targetHints":{"allow":["GET"]}}],"collection":[{"href":"https:\/\/www.friedensplattform.at\/index.php?rest_route=\/wp\/v2\/posts"}],"about":[{"href":"https:\/\/www.friedensplattform.at\/index.php?rest_route=\/wp\/v2\/types\/post"}],"author":[{"embeddable":true,"href":"https:\/\/www.friedensplattform.at\/index.php?rest_route=\/wp\/v2\/users\/2"}],"replies":[{"embeddable":true,"href":"https:\/\/www.friedensplattform.at\/index.php?rest_route=%2Fwp%2Fv2%2Fcomments&post=2085"}],"version-history":[{"count":0,"href":"https:\/\/www.friedensplattform.at\/index.php?rest_route=\/wp\/v2\/posts\/2085\/revisions"}],"wp:attachment":[{"href":"https:\/\/www.friedensplattform.at\/index.php?rest_route=%2Fwp%2Fv2%2Fmedia&parent=2085"}],"wp:term":[{"taxonomy":"category","embeddable":true,"href":"https:\/\/www.friedensplattform.at\/index.php?rest_route=%2Fwp%2Fv2%2Fcategories&post=2085"},{"taxonomy":"post_tag","embeddable":true,"href":"https:\/\/www.friedensplattform.at\/index.php?rest_route=%2Fwp%2Fv2%2Ftags&post=2085"}],"curies":[{"name":"wp","href":"https:\/\/api.w.org\/{rel}","templated":true}]}}