{"id":2099,"date":"2012-04-04T08:18:17","date_gmt":"2012-04-04T06:18:17","guid":{"rendered":"http:\/\/www.luxorbis.org\/friedensplattform.at\/?p=2099"},"modified":"2012-04-04T08:18:17","modified_gmt":"2012-04-04T06:18:17","slug":"hilfreiche-orientierung-in-der-buecherflut-zum-thema-israelpalaestina","status":"publish","type":"post","link":"https:\/\/www.friedensplattform.at\/?p=2099","title":{"rendered":"Hilfreiche Orientierung in der B&#252;cherf&#252;lle zum Th\u00e9ma Israel\/Pal&#228;stina"},"content":{"rendered":"<div>\n<p>In der Vielzahl von Erscheinungen am Buchmarkt  braucht man bisweilen einen guten Leitfaden.\u00a0Einen \u00a0solchen bietet  Ludwig Watzal in seinem \u00dcberblick &#8222;Israel und Pal\u00e4stina im B\u00fccherdschungel&#8220;.<\/p><\/div>\n<p>Der Aufsatz bezieht sich auf etliche  Neuerscheinungen in deutsch und englisch aus den Jahren 2003 &#8211; 2006.\u00a0  Besprochen werden B\u00fccher, die sich kritisch mit dem Thema der Israelischen Machtpolitik gegen\u00fcber den Pal\u00e4stinenserInnen,  vor allem aber auch\u00a0mit dem\u00a0Zustand der Israelische Gesellschaft und  Politik selbst, befassen. Siehe<span style=\"font-family: Arial; font-size: x-small;\"><span style=\"font-family: Arial; font-size: x-small;\"><a href=\"http:\/\/www.watzal.com\/IsraelPalaestina.pdf\"><strong> <\/strong>http:\/\/www.watzal.com\/IsraelPalaestina.pdf<\/a> . <\/span><\/span><\/p>\n","protected":false},"excerpt":{"rendered":"<p>In der Vielzahl von Erscheinungen am Buchmarkt braucht man bisweilen einen guten Leitfaden.\u00a0Einen \u00a0solchen bietet Ludwig Watzal in seinem \u00dcberblick &#8222;Israel und Pal\u00e4stina im B\u00fccherdschungel&#8220;. Der Aufsatz bezieht sich auf etliche Neuerscheinungen in deutsch und englisch aus den Jahren 2003 &#8211; 2006.\u00a0 Besprochen werden B\u00fccher, die sich kritisch mit dem Thema der Israelischen Machtpolitik gegen\u00fcber &hellip; <a href=\"https:\/\/www.friedensplattform.at\/?p=2099\" class=\"more-link\"><span class=\"screen-reader-text\">Hilfreiche Orientierung in der B&#252;cherf&#252;lle zum Th\u00e9ma Israel\/Pal&#228;stina<\/span> weiterlesen <span class=\"meta-nav\">&rarr;<\/span><\/a><\/p>\n","protected":false},"author":1,"featured_media":0,"comment_status":"open","ping_status":"open","sticky":false,"template":"","format":"standard","meta":{"footnotes":""},"categories":[5],"tags":[],"class_list":["post-2099","post","type-post","status-publish","format-standard","hentry","category-arabischer-raum"],"_links":{"self":[{"href":"https:\/\/www.friedensplattform.at\/index.php?rest_route=\/wp\/v2\/posts\/2099","targetHints":{"allow":["GET"]}}],"collection":[{"href":"https:\/\/www.friedensplattform.at\/index.php?rest_route=\/wp\/v2\/posts"}],"about":[{"href":"https:\/\/www.friedensplattform.at\/index.php?rest_route=\/wp\/v2\/types\/post"}],"author":[{"embeddable":true,"href":"https:\/\/www.friedensplattform.at\/index.php?rest_route=\/wp\/v2\/users\/1"}],"replies":[{"embeddable":true,"href":"https:\/\/www.friedensplattform.at\/index.php?rest_route=%2Fwp%2Fv2%2Fcomments&post=2099"}],"version-history":[{"count":0,"href":"https:\/\/www.friedensplattform.at\/index.php?rest_route=\/wp\/v2\/posts\/2099\/revisions"}],"wp:attachment":[{"href":"https:\/\/www.friedensplattform.at\/index.php?rest_route=%2Fwp%2Fv2%2Fmedia&parent=2099"}],"wp:term":[{"taxonomy":"category","embeddable":true,"href":"https:\/\/www.friedensplattform.at\/index.php?rest_route=%2Fwp%2Fv2%2Fcategories&post=2099"},{"taxonomy":"post_tag","embeddable":true,"href":"https:\/\/www.friedensplattform.at\/index.php?rest_route=%2Fwp%2Fv2%2Ftags&post=2099"}],"curies":[{"name":"wp","href":"https:\/\/api.w.org\/{rel}","templated":true}]}}