{"id":2126,"date":"2012-04-25T21:56:24","date_gmt":"2012-04-25T19:56:24","guid":{"rendered":"http:\/\/www.luxorbis.org\/friedensplattform.at\/?p=2126"},"modified":"2012-04-25T21:56:24","modified_gmt":"2012-04-25T19:56:24","slug":"protestkundgebung-der-steirischen-friedensplattform-anlaesslich-des-magbit-benefizabends-am-29-4","status":"publish","type":"post","link":"https:\/\/www.friedensplattform.at\/?p=2126","title":{"rendered":"Protestkundgebung der Steirischen Friedensplattform anl&#228;sslich des Magbit Benefizabends am 29.4."},"content":{"rendered":"<p><strong>Die Kundgebung findet vor dem Grazer Congress (am Gehsteig Richtung     Eingang s\u00fcdwestseitlich)<\/strong><strong> von 18.00-19.00 statt.<\/strong><\/p>\n<p><strong>Anl\u00e4sslich der Veranstaltung des Israelischen Vereins Keren Hajessod, an welcher auch der Botschafter des Staates Israel in \u00d6sterreich, Herr Aviv Shir-On teilnehmen wird,<\/strong><strong>protestieren wir gegen die Politik der Israelischen Regierung.<\/strong><strong><!--more--><\/strong><\/p>\n<p><!--more--><\/p>\n<p><strong><span style=\"text-decoration: underline;\">Unser Flugblatt f\u00fcr 29.4.:<\/span><\/strong><\/p>\n<p><strong><span style=\"text-decoration: underline;\"><br \/>\n<\/span><\/strong><\/p>\n<p><strong><span style=\"text-decoration: underline;\"><img loading=\"lazy\" decoding=\"async\" class=\"aligncenter size-full wp-image-2136\" title=\"pal\" src=\"http:\/\/www.luxorbis.org\/friedensplattform.at\/wp-content\/uploads\/2012\/04\/pal1.jpg\" alt=\"pal\" width=\"1008\" height=\"630\" \/><br \/>\n<\/span><\/strong><\/p>\n<p><strong> <\/strong><\/p>\n<p><strong> <\/strong><\/p>\n<p><strong> <\/strong><\/p>\n<p><strong> <\/strong><\/p>\n<p><strong> <\/strong><\/p>\n<p><strong> <\/strong><\/p>\n<p><strong> <\/strong><\/p>\n<p><strong> <\/strong><\/p>\n<p><strong> <\/strong><\/p>\n<p><strong> <\/strong><\/p>\n<p><strong> <\/strong><\/p>\n<p><strong> <\/strong><\/p>\n<p><strong> <\/strong><\/p>\n<p><strong> <\/strong><\/p>\n<p><strong> <\/strong><\/p>\n<p><strong> <\/strong><\/p>\n<p><strong> <\/strong><\/p>\n<p><strong> <\/strong><\/p>\n<p><strong> <\/strong><\/p>\n<h3><\/h3>\n<h3><\/h3>\n<h3><\/h3>\n<h3><\/h3>\n<h3><\/h3>\n<h3><\/h3>\n<h3><\/h3>\n<h3><\/h3>\n<h3><\/h3>\n<h3><\/h3>\n<h3><\/h3>\n<h3><\/h3>\n<h3><\/h3>\n<h3><\/h3>\n<h3><\/h3>\n<h3><\/h3>\n<h3>Der Keren Hajessod (der Stiftungsfond) wurde 1920 in London<br \/>\ngegr\u00fcndet und diente der Sammlung der im Nachgang<br \/>\nzur Balfour Deklaration von 1917 f\u00fcr den Aufbau eines<br \/>\nj\u00fcdischen Heimatlandes erforderlichen Geldmittel.<\/p>\n<blockquote class=\"wp-embedded-content\" data-secret=\"qVCOZmsdFs\"><p><a href=\"http:\/\/kerenhajessod.at\/\">Front Page<\/a><\/p><\/blockquote>\n<p><iframe loading=\"lazy\" class=\"wp-embedded-content\" sandbox=\"allow-scripts\" security=\"restricted\" style=\"position: absolute; visibility: hidden;\" title=\"&#8222;Front Page&#8220; &#8211; kerenhajessod.at\" src=\"http:\/\/kerenhajessod.at\/embed\/#?secret=Czl6hDVpnr#?secret=qVCOZmsdFs\" data-secret=\"qVCOZmsdFs\" width=\"600\" height=\"338\" frameborder=\"0\" marginwidth=\"0\" marginheight=\"0\" scrolling=\"no\"><\/iframe><br \/>\nKeren Hajessot ist auf englisch \u201eThe Erez Israel Foundation Fund\u201c.<br \/>\n\u201eEretz Israel HaSchlema\u201c hei\u00dft \u201eVollst\u00e4ndiges Land Israel\u201c<br \/>\nund meint die Unteilbarkeit des als Eretz Israel bezeichneten<br \/>\nGebietes. Dieses Gebiet beinhaltet die Ausdehnung der<br \/>\nj\u00fcdischen Souver\u00e4nit\u00e4t auf das gesamte Gebiet zwischen Mittelmeer und dem Fluss Jordan,<br \/>\nmanchmal ebenfalls auf Teile Jordaniens und in ihrer extremeren Form zus\u00e4tzlich auch auf<br \/>\nGebiete des Libanons, Syriens, Irak und \u00c4gyptens. KH ist als Teil der Jewish Agency f\u00fcr die<br \/>\nFinanzierung der Zionistischen Weltorganisation zust\u00e4ndig, die seit jeher &#8222;Ein Land ohne Volk f\u00fcr<br \/>\nein Volk ohne Land&#8220; anstrebte. Pal\u00e4stina war nie ein leeres Land, aber die Existenz der arabischen<br \/>\nBev\u00f6lkerung vor Ort wurde von den ZionistInnen negiert und m\u00fcndete in eine bis heute andauernde<br \/>\nVertreibung der autochthonen Pal\u00e4stinenserInnen.<br \/>\nDer Keren Hajessod wurde der Herausforderung gerecht, die Grundlagen f\u00fcr die meisten der<br \/>\nlebenswichtigen Bereiche einer sich entwickelnden Gesellschaft zu schaffen: Wirtschaft,<br \/>\nFremdenverkehr, Landwirtschaft, Industrie, Kultur und die Eingliederung von Einwanderern.<\/p>\n<blockquote class=\"wp-embedded-content\" data-secret=\"qVCOZmsdFs\"><p><a href=\"http:\/\/kerenhajessod.at\/\">Front Page<\/a><\/p><\/blockquote>\n<p><iframe loading=\"lazy\" class=\"wp-embedded-content\" sandbox=\"allow-scripts\" security=\"restricted\" style=\"position: absolute; visibility: hidden;\" title=\"&#8222;Front Page&#8220; &#8211; kerenhajessod.at\" src=\"http:\/\/kerenhajessod.at\/embed\/#?secret=Czl6hDVpnr#?secret=qVCOZmsdFs\" data-secret=\"qVCOZmsdFs\" width=\"600\" height=\"338\" frameborder=\"0\" marginwidth=\"0\" marginheight=\"0\" scrolling=\"no\"><\/iframe><br \/>\nIsrael r\u00fchmt sich, es habe \u201edie W\u00fcste zum Bl\u00fchen gebracht\u201c. Das ist Propaganda und in Wirklichkeit bedeutete<br \/>\ndieses israelische \u201eBl\u00fchen\u201c die Verw\u00fcstung der anderen Teile des Landes. Das Wasser des Jordans wird<br \/>\nabgeleitet und f\u00fcr j\u00fcdische Siedlungen verwendet, dasselbe geschieht mit dem Wasser des Toten Meeres.<br \/>\nDie pal\u00e4stinensischen Gebiete werden durch den systematischen Wasserentzug gezielt ausgetrocknet.<\/h3>\n<h2>Keine Spenden f\u00fcr Kolonialismus<\/h2>\n<h2>und Apartheid!<\/h2>\n<h2>F\u00fcr ein besatzungsfreies Pal\u00e4stina!<\/h2>\n<h3>1956 ratifizierte die Knesset das Gesetz des Keren Hajessod, das die Aufgaben des Keren Hajessod<br \/>\nnach der Gr\u00fcndung des Staates Israel festlegte und ihn erm\u00e4chtigte, &#8222;die St\u00e4rkung des Staates Israel,<br \/>\ndie Heimf\u00fchrung der im Exil Lebenden und der Vereinigung des j\u00fcdischen Volkes&#8220; zu f\u00f6rdern.<\/p>\n<blockquote class=\"wp-embedded-content\" data-secret=\"qVCOZmsdFs\"><p><a href=\"http:\/\/kerenhajessod.at\/\">Front Page<\/a><\/p><\/blockquote>\n<p><iframe loading=\"lazy\" class=\"wp-embedded-content\" sandbox=\"allow-scripts\" security=\"restricted\" style=\"position: absolute; visibility: hidden;\" title=\"&#8222;Front Page&#8220; &#8211; kerenhajessod.at\" src=\"http:\/\/kerenhajessod.at\/embed\/#?secret=Czl6hDVpnr#?secret=qVCOZmsdFs\" data-secret=\"qVCOZmsdFs\" width=\"600\" height=\"338\" frameborder=\"0\" marginwidth=\"0\" marginheight=\"0\" scrolling=\"no\"><\/iframe><br \/>\nIsrael hat bis heute seine Grenzen nicht endg\u00fcltig festgelegt und verweigert sich damit auch einer 2-<br \/>\nStaatenl\u00f6sung. Die Pal\u00e4stinensische Regierung hat mehrmals angeboten einen israelischen Staat in den<br \/>\nGrenzen von 1967 zu akzeptieren. Dies wurde von israelischer Seite abgelehnt, mit Hinweis auf ver\u00e4nderte<br \/>\ndemographische Realit\u00e4ten und Sicherheitsgr\u00fcnde. Seit dem Sechs-Tage-Krieg errichteten j\u00fcdische Israelis<br \/>\n120 Siedlungen mit etwa 270.000 Bewohnern im Westjordanland. F\u00fcr rechtsgerichtete und ultraorthodoxe<br \/>\nJuden sind die Siedlungen legitime Inbesitznahme und Schritte auf dem Weg zu einem rein j\u00fcdischen Gro\u00df-<br \/>\nIsrael.<br \/>\nBis heute wirkt der Keren Hajessod im Sinne seiner im Jahr 1920 bekannt gegebenen<br \/>\nGr\u00fcndungserkl\u00e4rung: &#8222;Der Schl\u00fcssel liegt in den H\u00e4nden des j\u00fcdischen Volkes&#8220;\u2026<\/p>\n<blockquote class=\"wp-embedded-content\" data-secret=\"qVCOZmsdFs\"><p><a href=\"http:\/\/kerenhajessod.at\/\">Front Page<\/a><\/p><\/blockquote>\n<p><iframe loading=\"lazy\" class=\"wp-embedded-content\" sandbox=\"allow-scripts\" security=\"restricted\" style=\"position: absolute; visibility: hidden;\" title=\"&#8222;Front Page&#8220; &#8211; kerenhajessod.at\" src=\"http:\/\/kerenhajessod.at\/embed\/#?secret=Czl6hDVpnr#?secret=qVCOZmsdFs\" data-secret=\"qVCOZmsdFs\" width=\"600\" height=\"338\" frameborder=\"0\" marginwidth=\"0\" marginheight=\"0\" scrolling=\"no\"><\/iframe><br \/>\nEin vertriebener Pal\u00e4stinenser:<br \/>\n&#8222;Mein Gro\u00dfvater hinterlie\u00df den Schl\u00fcssel meinem Vater, mein Vater hinterlie\u00df ihn mir, und ich will ihn f\u00fcr<br \/>\nmeinen Sohn bewahren. Wir werden niemals unser Haus vergessen; wir warten immer noch auf die<br \/>\nUmsetzung der UN-Resolution 194, damit wir in unsere Heimat zur\u00fcckkehren k\u00f6nnen.&#8220;<br \/>\nDie haupts\u00e4chlichen Ziele des Keren Hajessod bestehen in der Rettung von Juden aus Gefahrenzonen,<br \/>\nder Einwanderung und der Eingliederung der Einwanderer. In den 90er Jahren alleine konnte eine<br \/>\nMillion neuer Einwanderer mit Hilfe des Keren Hajessod in Israel ein besseres Leben beginnen.<\/p>\n<blockquote class=\"wp-embedded-content\" data-secret=\"qVCOZmsdFs\"><p><a href=\"http:\/\/kerenhajessod.at\/\">Front Page<\/a><\/p><\/blockquote>\n<p><iframe loading=\"lazy\" class=\"wp-embedded-content\" sandbox=\"allow-scripts\" security=\"restricted\" style=\"position: absolute; visibility: hidden;\" title=\"&#8222;Front Page&#8220; &#8211; kerenhajessod.at\" src=\"http:\/\/kerenhajessod.at\/embed\/#?secret=Czl6hDVpnr#?secret=qVCOZmsdFs\" data-secret=\"qVCOZmsdFs\" width=\"600\" height=\"338\" frameborder=\"0\" marginwidth=\"0\" marginheight=\"0\" scrolling=\"no\"><\/iframe><br \/>\nMehr als 800 000 Pal\u00e4stinenserInnen wurden 1948 von ihrem Heimatland vertrieben. Weitere 350 000 mit dem<br \/>\nKrieg von 1967. 90 000 wurden zwischen 1967 und 1993 gewaltsam durch die israelische Armee deportiert.<br \/>\nAbriss von H\u00e4usern, Zerst\u00f6rung der Lebensgrundlagen durch die Mauer und durch Siedlungen, keine<br \/>\nVerl\u00e4ngerung von Aufenthaltsgenehmigungen, rechtliche Schikanen ohne Ende setzen die Vertreibung fort.<br \/>\nHeute repr\u00e4sentieren die Pal\u00e4stinenserInnen mit zwei Drittel ihrer Gesamtbev\u00f6lkerung, die im Exil lebt, die<br \/>\n\u00e4lteste und gr\u00f6\u00dfte Fl\u00fcchtlingsgruppe auf der ganzen Welt.<br \/>\nSeit der Gr\u00fcndung des Staates Israel brachte der Keren Hajessod, mittels der Jewish Agency, fast 3<br \/>\nMillionen Einwanderer nach Israel und erm\u00f6glichte deren Eingliederung; er errichtete 800<br \/>\nlandwirtschaftliche Siedlungen, schuf 1300 Sozialprojekte, sanierte 90 heruntergekommene<br \/>\nWohngegenden und Entwicklungsst\u00e4dte\u2026 http:\/\/www.kerenhajessod.at\/<br \/>\n24.4.2012: Die israelische Regierung hat drei illegal errichtete Siedlungen im besetzten Westjordanland<br \/>\nnachtr\u00e4glich anerkannt. Wie das B\u00fcro von Ministerpr\u00e4sident Benjamin Netanjahu am Dienstag mitteilte,<br \/>\nentschied ein Ministerkomitee am Vorabend, die Siedlungen Bruchin, Rechelim und Sansana r\u00fcckwirkend zu<br \/>\ngenehmigen. Die UNO betrachtet Siedlungen auf pal\u00e4stinensischem Gebiet auch dann als unrechtm\u00e4\u00dfig,<br \/>\nwenn Israel sie erlaubt. Im Westjordanland haben sich mehr als 340 000 j\u00fcdische Siedler illegal<br \/>\nniedergelassen, im Ostteil Jerusalems mehr als 200 000.<\/h3>\n<h3>\nImpressum: www.friedensplattform.at<\/h3>\n<p align=\"center\"><strong> <\/strong><\/p>\n","protected":false},"excerpt":{"rendered":"<p>Die Kundgebung findet vor dem Grazer Congress (am Gehsteig Richtung Eingang s\u00fcdwestseitlich) von 18.00-19.00 statt. Anl\u00e4sslich der Veranstaltung des Israelischen Vereins Keren Hajessod, an welcher auch der Botschafter des Staates Israel in \u00d6sterreich, Herr Aviv Shir-On teilnehmen wird,protestieren wir gegen die Politik der Israelischen Regierung.<\/p>\n","protected":false},"author":2,"featured_media":0,"comment_status":"open","ping_status":"open","sticky":false,"template":"","format":"standard","meta":{"footnotes":""},"categories":[1],"tags":[],"class_list":["post-2126","post","type-post","status-publish","format-standard","hentry","category-allgemein"],"_links":{"self":[{"href":"https:\/\/www.friedensplattform.at\/index.php?rest_route=\/wp\/v2\/posts\/2126","targetHints":{"allow":["GET"]}}],"collection":[{"href":"https:\/\/www.friedensplattform.at\/index.php?rest_route=\/wp\/v2\/posts"}],"about":[{"href":"https:\/\/www.friedensplattform.at\/index.php?rest_route=\/wp\/v2\/types\/post"}],"author":[{"embeddable":true,"href":"https:\/\/www.friedensplattform.at\/index.php?rest_route=\/wp\/v2\/users\/2"}],"replies":[{"embeddable":true,"href":"https:\/\/www.friedensplattform.at\/index.php?rest_route=%2Fwp%2Fv2%2Fcomments&post=2126"}],"version-history":[{"count":0,"href":"https:\/\/www.friedensplattform.at\/index.php?rest_route=\/wp\/v2\/posts\/2126\/revisions"}],"wp:attachment":[{"href":"https:\/\/www.friedensplattform.at\/index.php?rest_route=%2Fwp%2Fv2%2Fmedia&parent=2126"}],"wp:term":[{"taxonomy":"category","embeddable":true,"href":"https:\/\/www.friedensplattform.at\/index.php?rest_route=%2Fwp%2Fv2%2Fcategories&post=2126"},{"taxonomy":"post_tag","embeddable":true,"href":"https:\/\/www.friedensplattform.at\/index.php?rest_route=%2Fwp%2Fv2%2Ftags&post=2126"}],"curies":[{"name":"wp","href":"https:\/\/api.w.org\/{rel}","templated":true}]}}