{"id":2182,"date":"2012-05-14T20:24:25","date_gmt":"2012-05-14T18:24:25","guid":{"rendered":"http:\/\/www.luxorbis.org\/friedensplattform.at\/?p=2182"},"modified":"2012-05-14T20:24:25","modified_gmt":"2012-05-14T18:24:25","slug":"dr-werner-ruf-maghreb-revolution-wohin","status":"publish","type":"post","link":"https:\/\/www.friedensplattform.at\/?p=2182","title":{"rendered":"Dr. Werner Ruf:     MAGHREB       Revolution wohin?"},"content":{"rendered":"<p align=\"center\">am <strong>24. Mai 2012<\/strong><\/p>\n<p align=\"center\">um <strong>19 Uhr<\/strong><\/p>\n<p align=\"center\">im<strong> <\/strong><strong>H\u00f6rsaal B <\/strong><\/p>\n<p align=\"center\"><strong>der Karl-Franzens Universit\u00e4t Graz<\/strong><\/p>\n<p align=\"center\"><strong>Vorklinik <\/strong>Raum 06.02<\/p>\n<p align=\"center\">\n<p align=\"center\"><a href=\"http:\/\/www.luxorbis.org\/friedensplattform.at\/wp-content\/uploads\/2012\/05\/MAGHREB_24_05_12end1.pdf\" target=\"_blank\">pdf: MAGHREB_24_05_12end<\/a><\/p>\n<p><strong><span style=\"font-family: Arial; font-size: x-small;\"><span style=\"font-family: Verdana; font-size: 10pt;\">Die  arabische Welt ist im Umbruch. Das hat schwerwiegende Auswirkungen auf  Weltpolitik und Weltwirtschaft.<!--more--><!--more--><\/span><\/span><\/strong><\/p>\n<p>Auch in Europa kann nicht mehr ohne weiteres mit dem Profit aus den \u00d6lgesch\u00e4ften gerechnet werden. Nicht nur darauf waren die Kooperationen der EU mit autorit\u00e4ren Regimes beschr\u00e4nkt: die eisernen Schengen-Grenzen im Maghreb bedeuten f\u00fcr tausende von Fl\u00fcchtlingen auf dem Weg nach Europa den sicheren Tod im Mittelmeer.<\/p>\n<p>In den Maghreb-Staaten ringt die Bev\u00f6lkerung um Selbstbestimmung.<\/p>\n<p>Doch tief sind neokoloniale Strukturen, die innere und \u00e4u\u00dfere Diktaturen n\u00e4hren, in Gesellschaft, Politik und Wirtschaft verhaftet. Neue und alte Investoren stehen vor den T\u00fcren und versprechen Milliarden Euros und Dollars, &#8211; wof\u00fcr? Sind neuartige gesellschaftliche Strukturen in unserer globalisierten Welt der gegenseitigen Abh\u00e4ngigkeiten \u00fcberhaupt durchsetzbar?<\/p>\n<p align=\"center\">\u00dcber Bedingungen zur Durchsetzung einer Revolution in der<\/p>\n<p align=\"center\">zwischen Neokolonialismus und Utopie bewegten Region<\/p>\n<p align=\"center\">referiert und diskutiert<\/p>\n<p><strong>Dr. Werner Ruf<\/strong><\/p>\n<p align=\"center\">friedenspolitisch engagierter Politikwissenschafter und Publizist<\/p>\n<p align=\"center\">profunder Kenner der maghrebinischen L\u00e4nder<\/p>\n<p align=\"center\">Autor des k\u00fcrzlich erschienen Buchs: <strong>Der Islam &#8211; Schrecken des Abendlands<\/strong><\/p>\n","protected":false},"excerpt":{"rendered":"<p>am 24. Mai 2012 um 19 Uhr im H\u00f6rsaal B der Karl-Franzens Universit\u00e4t Graz Vorklinik Raum 06.02 pdf: MAGHREB_24_05_12end Die arabische Welt ist im Umbruch. Das hat schwerwiegende Auswirkungen auf Weltpolitik und Weltwirtschaft.<\/p>\n","protected":false},"author":2,"featured_media":0,"comment_status":"open","ping_status":"open","sticky":false,"template":"","format":"standard","meta":{"footnotes":""},"categories":[1],"tags":[],"class_list":["post-2182","post","type-post","status-publish","format-standard","hentry","category-allgemein"],"_links":{"self":[{"href":"https:\/\/www.friedensplattform.at\/index.php?rest_route=\/wp\/v2\/posts\/2182","targetHints":{"allow":["GET"]}}],"collection":[{"href":"https:\/\/www.friedensplattform.at\/index.php?rest_route=\/wp\/v2\/posts"}],"about":[{"href":"https:\/\/www.friedensplattform.at\/index.php?rest_route=\/wp\/v2\/types\/post"}],"author":[{"embeddable":true,"href":"https:\/\/www.friedensplattform.at\/index.php?rest_route=\/wp\/v2\/users\/2"}],"replies":[{"embeddable":true,"href":"https:\/\/www.friedensplattform.at\/index.php?rest_route=%2Fwp%2Fv2%2Fcomments&post=2182"}],"version-history":[{"count":0,"href":"https:\/\/www.friedensplattform.at\/index.php?rest_route=\/wp\/v2\/posts\/2182\/revisions"}],"wp:attachment":[{"href":"https:\/\/www.friedensplattform.at\/index.php?rest_route=%2Fwp%2Fv2%2Fmedia&parent=2182"}],"wp:term":[{"taxonomy":"category","embeddable":true,"href":"https:\/\/www.friedensplattform.at\/index.php?rest_route=%2Fwp%2Fv2%2Fcategories&post=2182"},{"taxonomy":"post_tag","embeddable":true,"href":"https:\/\/www.friedensplattform.at\/index.php?rest_route=%2Fwp%2Fv2%2Ftags&post=2182"}],"curies":[{"name":"wp","href":"https:\/\/api.w.org\/{rel}","templated":true}]}}