{"id":2200,"date":"2012-05-18T11:27:05","date_gmt":"2012-05-18T09:27:05","guid":{"rendered":"http:\/\/www.luxorbis.org\/friedensplattform.at\/?p=2200"},"modified":"2012-05-18T11:27:05","modified_gmt":"2012-05-18T09:27:05","slug":"informationsbroschuere-spenden-fuer-kolonialismus-und-apartheit","status":"publish","type":"post","link":"https:\/\/www.friedensplattform.at\/?p=2200","title":{"rendered":"Informationsbrosch&#252;re &quot;Spenden f&#252;r Kolonialismus und Apartheid&quot;"},"content":{"rendered":"<p>der\u00a0 Pal\u00e4stina-Solidarit\u00e4t Region Basel in Zusammenarbeit mit dem Pal\u00e4stinakomitee Stuttgart und BDS Schweiz<\/p>\n<p><a href=\"http:\/\/\/\">http:\/\/www.palaestinakomitee-stuttgart.de\/pdfs\/spenden_fuer_kolonialismus_jnf.pdf<\/a><\/p>\n<p>Der <strong>Keren Hajessod<\/strong> (\u05e7\u05e8\u05df \u05d4\u05d9\u05e1\u05d5\u05d3, hebr.: \u201eGrundfonds\u201c, engl.: The  Erez Israel Foundation Fund, deutsch: Pal\u00e4stina-Grundfonds) ist die  1921 als zentrale Finanzorganisation des Pal\u00e4stina-Aufbaus gegr\u00fcndete  Gesellschaft der zionistischen Bewegung.\u00a0 Am 29. 4.2012 veranstaltete diese Organistion eine Spendensammlung im Grazer Congress, deren Einladung namhafte Pers\u00f6nlichkeiten aus Wirtschaft und Politik gefolgt sind.<\/p>\n<p>Die genannte Brosch\u00fcre liefert einen historischen Einblick in die T\u00e4tigkeit des J\u00fcdischen Nationalfonds, mit dem Keren Hajessod als spendensammelnde Organisation engstens verbunden ist. Ihr Untertitel lautet:\u00a0 &#8220; Die Gr\u00fcnwaschung von Vertreibung und Enteignung in Pal\u00e4stina durch den J\u00fcdischen Nationalfonds&#8220;.<\/p>\n<p><!--more--><\/p>\n<p>Keren Hajessod wurde als Limited Company nach englischem Recht am 23. M\u00e4rz 1921  in London registriert und sollte die Kompensation der Kosten j\u00fcdischer  Einwanderung und der landwirtschaftlichen Siedlungen sicherstellen. Dazu  geh\u00f6rt statutengem\u00e4\u00df auch der Erwerb von Grund und Boden, was praktisch  aber\u00a0\u2013 in enger Zusammenarbeit zwischen Keren Hajessod und dem <a title=\"J\u00fcdischer Nationalfonds\" href=\"http:\/\/de.wikipedia.org\/wiki\/J%C3%BCdischer_Nationalfonds\">KKL<\/a> (J\u00fcdischer Nationalfonds) &#8211;\u00a0 dem KKL vorbehalten ist.<\/p>\n<p>1926 wurde das Hauptquartier nach <a title=\"Jerusalem\" href=\"http:\/\/de.wikipedia.org\/wiki\/Jerusalem\">Jerusalem<\/a> verlegt. Seit 1929 ist der Keren Hajessod Teil der <a title=\"Jewish Agency\" href=\"http:\/\/de.wikipedia.org\/wiki\/Jewish_Agency\">Jewish Agency<\/a>. Diese zeitweise in mehr als siebzig L\u00e4ndern aktive Institution (in den USA: <em>United Jewish Appeal<\/em>,  eine Dachorganisation, die den Keren Hajessod einschlie\u00dft) ist seit  ihrer Gr\u00fcndung f\u00fcr die Finanzierung der unterschiedlichsten T\u00e4tigkeiten  der <a title=\"Zionistische Weltorganisation\" href=\"http:\/\/de.wikipedia.org\/wiki\/Zionistische_Weltorganisation\">Zionistischen Weltorganisation<\/a> bzw. der Jewish Agency in Pal\u00e4stina\/Israel verantwortlich<\/p>\n<p>1948 wurde ein Teil der Aufgaben vom Staat <a title=\"Israel\" href=\"http:\/\/de.wikipedia.org\/wiki\/Israel\">Israel<\/a> \u00fcbernommen. Der gr\u00f6\u00dfte Teil der Spenden, die zu Israels wichtigsten Quellen des Kapitaltransfers z\u00e4hlen, kommt aus den USA.<\/p>\n<p>Zu den Gr\u00fcndern des Keren Hajessod geh\u00f6rten <a title=\"Chaim Weizmann\" href=\"http:\/\/de.wikipedia.org\/wiki\/Chaim_Weizmann\">Chaim Weizmann<\/a> sowie Aharon und Isaak Naidich. Die ersten Direktoren waren <a title=\"Berthold Feiwel\" href=\"http:\/\/de.wikipedia.org\/wiki\/Berthold_Feiwel\">Berthold Feiwel<\/a>, Georg Halpern, <a title=\"Vladimir Jabotinsky\" href=\"http:\/\/de.wikipedia.org\/wiki\/Vladimir_Jabotinsky\">Vladimir Jabotinsky<\/a> (auch f\u00fcr Propaganda zust\u00e4ndig), <a title=\"Schlomo Kaplansky\" href=\"http:\/\/de.wikipedia.org\/wiki\/Schlomo_Kaplansky\">Schlomo Kaplansky<\/a>, <a title=\"Schemarjahu Levin\" href=\"http:\/\/de.wikipedia.org\/wiki\/Schemarjahu_Levin\">Schmarjahu Levin<\/a>, Isaak Naidich, Israel M. Sieff und Hillel Zlatapolsky.<\/p>\n<p>Als das B\u00fcro des Keren Hajessod 1926 von London nach Jerusalem  transferiert wurde, waren Arthur Hantke und Leib Jaffe, der am 11. M\u00e4rz  1948 durch eine Explosion vor der Jewish Agency get\u00f6tet wurde,  Gesch\u00e4ftsf\u00fchrer.<\/p>\n<p>Info aus:<a href=\"http:\/\/\"> http:\/\/de.wikipedia.org\/wiki\/Keren_Hajessod<\/a><\/p>\n","protected":false},"excerpt":{"rendered":"<p>der\u00a0 Pal\u00e4stina-Solidarit\u00e4t Region Basel in Zusammenarbeit mit dem Pal\u00e4stinakomitee Stuttgart und BDS Schweiz http:\/\/www.palaestinakomitee-stuttgart.de\/pdfs\/spenden_fuer_kolonialismus_jnf.pdf Der Keren Hajessod (\u05e7\u05e8\u05df \u05d4\u05d9\u05e1\u05d5\u05d3, hebr.: \u201eGrundfonds\u201c, engl.: The Erez Israel Foundation Fund, deutsch: Pal\u00e4stina-Grundfonds) ist die 1921 als zentrale Finanzorganisation des Pal\u00e4stina-Aufbaus gegr\u00fcndete Gesellschaft der zionistischen Bewegung.\u00a0 Am 29. 4.2012 veranstaltete diese Organistion eine Spendensammlung im Grazer Congress, deren Einladung &hellip; <a href=\"https:\/\/www.friedensplattform.at\/?p=2200\" class=\"more-link\"><span class=\"screen-reader-text\">Informationsbrosch&#252;re &quot;Spenden f&#252;r Kolonialismus und Apartheid&quot;<\/span> weiterlesen <span class=\"meta-nav\">&rarr;<\/span><\/a><\/p>\n","protected":false},"author":3,"featured_media":0,"comment_status":"open","ping_status":"open","sticky":false,"template":"","format":"standard","meta":{"footnotes":""},"categories":[18],"tags":[],"class_list":["post-2200","post","type-post","status-publish","format-standard","hentry","category-palaestina-solidaritaet"],"_links":{"self":[{"href":"https:\/\/www.friedensplattform.at\/index.php?rest_route=\/wp\/v2\/posts\/2200","targetHints":{"allow":["GET"]}}],"collection":[{"href":"https:\/\/www.friedensplattform.at\/index.php?rest_route=\/wp\/v2\/posts"}],"about":[{"href":"https:\/\/www.friedensplattform.at\/index.php?rest_route=\/wp\/v2\/types\/post"}],"author":[{"embeddable":true,"href":"https:\/\/www.friedensplattform.at\/index.php?rest_route=\/wp\/v2\/users\/3"}],"replies":[{"embeddable":true,"href":"https:\/\/www.friedensplattform.at\/index.php?rest_route=%2Fwp%2Fv2%2Fcomments&post=2200"}],"version-history":[{"count":0,"href":"https:\/\/www.friedensplattform.at\/index.php?rest_route=\/wp\/v2\/posts\/2200\/revisions"}],"wp:attachment":[{"href":"https:\/\/www.friedensplattform.at\/index.php?rest_route=%2Fwp%2Fv2%2Fmedia&parent=2200"}],"wp:term":[{"taxonomy":"category","embeddable":true,"href":"https:\/\/www.friedensplattform.at\/index.php?rest_route=%2Fwp%2Fv2%2Fcategories&post=2200"},{"taxonomy":"post_tag","embeddable":true,"href":"https:\/\/www.friedensplattform.at\/index.php?rest_route=%2Fwp%2Fv2%2Ftags&post=2200"}],"curies":[{"name":"wp","href":"https:\/\/api.w.org\/{rel}","templated":true}]}}