{"id":2203,"date":"2012-05-20T14:25:16","date_gmt":"2012-05-20T12:25:16","guid":{"rendered":"http:\/\/www.luxorbis.org\/friedensplattform.at\/?p=2203"},"modified":"2012-05-20T14:25:16","modified_gmt":"2012-05-20T12:25:16","slug":"syrische-aufstaendische-terrorhilfe-von-der-uck","status":"publish","type":"post","link":"https:\/\/www.friedensplattform.at\/?p=2203","title":{"rendered":"Syrische Aufst&#228;ndische: Terrorhilfe von der UCK?"},"content":{"rendered":"<p>Einem Bericht des russischen Nachrichtensenders  Russia Today zufolge haben sich syrische Aufst\u00e4ndische mit der fr\u00fcheren  kosovo-albanischen Untergrundgruppe UCK auf Ausbildungshilfe im Partisanenkrieg  verst\u00e4ndigt.<\/p>\n<p><!--more-->Die Nachrichtenagentur AP berichtete unter Berufung auf Ammar  Abdulhamid, einen syrischen Menschenrechtsaktivisten, da\u00df eine Gruppe von  syrischen Oppositionellen am 26. April auf dem R\u00fcckweg von den USA in Pristina  zwischengelandet sei, um sich auf Ausbildung und Training zu verst\u00e4ndigen. Sie  seien gekommen, \u00bbum zu lernen\u00ab, erkl\u00e4rte Ammar Abdulhamid, der Syrien 2005  verlassen hatte, in die USA gegangen war und dort als Menschenrechtsaktivist die  syrische Auslandsopposition unterst\u00fctzte. \u00bbKosovo ist seinen Weg gegangen und  hat Erfahrungen, die f\u00fcr uns sehr n\u00fctzlich sind\u00ab, sagte Abdulhamid dem  AP-Reporter. Was ihn und seine Gruppe besonders interessiere sei, \u00bbwie  vereinzelte bewaffnete Gruppen schlie\u00dflich zur UCK zusammengefa\u00dft und  organisiert wurden\u00ab. Diese Aussage scheint zu belegen, da\u00df die selbsternannte  \u00bbFreie Syrische Armee\u00ab (FSA) nicht wirklich ist, was sie vorgibt zu sein.  Beobachter der bewaffneten Gruppen in Syrien gehen davon aus, da\u00df es eine  Vielzahl von bewaffneten Gruppen gibt, die untereinander wenig vernetzt sind und  nicht auf ein Kommando h\u00f6ren. Der AP-Bericht stellte fest, da\u00df \u00bbdie  Terrortaktik, die die Militanten (in Syrien) anwenden\u00ab zwar Milit\u00e4r- und  Regierungsvertreter t\u00f6teten, sie seien aber nicht in der Lage, \u00bbPositionen gegen  die regul\u00e4re Armee zu halten\u00ab. Ein ausl\u00e4ndischer Diplomat in Damaskus  bezeichnete im Gespr\u00e4ch mit junge Welt die FSA als \u00bbein Markenzeichen\u00ab, unter  dem sich alles m\u00f6gliche sammele.<\/p>\n<h3>Kosovo anerkennen<\/h3>\n<p>Zum Dank f\u00fcr die milit\u00e4rische Fortbildung und  Zusammenarbeit haben syrische Oppositionelle bereits angek\u00fcndigt, den Kosovo  anzuerkennen, sollten sie nach dem Sturz von Pr\u00e4sident Baschar Al-Assad die  F\u00fchrung Syriens \u00fcbernehmen. Die zu Serbien geh\u00f6rende Provinz Kosovo hat sich im  Jahr 2008 einseitig f\u00fcr unabh\u00e4ngig erkl\u00e4rt und ist bisher von 88 Staaten  anerkannt, darunter f\u00fchrende westliche und NATO-Mitgliedsstaaten wie die USA,  England, Frankreich und Deutschland sowie Jordanien, Saudi-Arabien und  Katar.<\/p>\n<p>In einem Trainingslager an der Grenze zu Albanien, das  urspr\u00fcnglich von der USA dort eingerichtet worden war, um die UCK auszubilden,  seien die syrischen Teilnehmer freundlich aufgenommen worden, hie\u00df es in dem  AP-Bericht. Bis Anfang 1998 stand die UCK auf der Liste terroristischer  Organisationen in den USA, Gro\u00dfbritannien und Frankreich. Geheimdienstberichten  zufolge sollen Kontakte zu Al-Qaida bestehen, die mit Waffen und  Ausbildungshilfe der UCK zur Seite stand. Angeblich sollen Al-Qaida-K\u00e4mpfer auch  aktiv in den Reihen der UCK gek\u00e4mpft haben. Menschenrechtsgruppen warfen der  Gruppe vor, Minderj\u00e4hrige einzusetzen. Die Ausbildung syrischer Aufst\u00e4ndischer  im Kosovo deutet darauf hin, da\u00df wie im ehemaligen Jugoslawien auch Syrien an  seinen sensiblen konfessionellen und ethnischen Verbindungsstellen  auseinandergebrochen werden soll.<\/p>\n<p>Nachdem die regul\u00e4re syrische Armee die  bewaffneten Gruppen aus den meisten St\u00e4dten und von den Grenzen zu Jordanien,  Libanon und der T\u00fcrkei zur\u00fcckdr\u00e4ngen konnte, haben Saudi-Arabien und Katar offen  Unterst\u00fctzung f\u00fcr eine bessere Bewaffnung und Ausbildung der Assad-Gegner  angek\u00fcndigt. Auch US-Senator Joe Liebermann fordert deren Bewaffnung. Der  ehemalige US-Pr\u00e4sidentschaftskandidat Senator John McCain tritt f\u00fcr ein  milit\u00e4risches Eingreifen der USA in Syrien ein, ob mit oder ohne UN-Mandat.<\/p>\n<h3><span style=\"font-size: small;\">Positives Image<\/span><\/h3>\n<p>Benjamin Schett, Autor der  internationalen Webseite Global Research, geht allerdings nicht davon aus, da\u00df  die syrischen Oppositionellen bei der UCK vor allem milit\u00e4rische Ausbildung  suchen. Wie damals den UCK-K\u00e4mpfern sei es den syrischen K\u00e4mpfern weitgehend  gelungen, sich trotz mangelnder milit\u00e4rischer Erfolge in westlichen Medien als  \u00bbBefreiungsk\u00e4mpfer\u00ab darzustellen, sagte Schett dem Nachrichtensender Russia  Today. Zu dem Bild pa\u00dften aber nicht die Berichte von Kriegsverbrechen und  Menschenrechtsverletzungen, die Aufst\u00e4ndische in den vergangenen Monaten  begangen und teilweise Medien gegen\u00fcber auch eingestanden haben. Schett vermutet  daher eher eine Fortbildung in der PR-Arbeit hinter dem Besuch in Pristina. Die  Situation in Syrien sei vergleichbar mit der bewaffneten Auseinandersetzung  zwischen militanten Kosovo-Albanern und den jugoslawischen Sicherheitskr\u00e4ften  Ende der 1990iger Jahre. Jugoslawien habe im Fr\u00fchjahr 1998 einem  Waffenstillstand zugestimmt, die Truppen zur\u00fcckgezogen und OSZE-Beobachter  akzeptiert. Die UCK habe das ausgenutzt, um ihre Angriffe zu verst\u00e4rken und  damit eine milit\u00e4rische Reaktion der serbisch-jugoslawischen Truppen zu  provozieren. In westlichen Me\u00addien haben sich die Gewaltseparatisten dann  als Opfer serbischer Angriffe dargestellt und im M\u00e4rz 1999 die gew\u00fcnschte  NATO-Intervention erreicht. Dann sei die UCK massiv gegen die lokalen  Minderheiten vorgegangen.<\/p>\n<p>Genau das sollten offenbar die syrischen  Aufst\u00e4ndischen von der UCK lernen, vermutete der Auslandsredakteur des  US-Magazins Chronicles \u00adSrdja Trifcovich im Gespr\u00e4ch mit Russia Today. \u00bbDie  Ank\u00fcndigung gegen\u00fcber einem AP-Reporter, man wolle von der UCK lernen, m\u00fc\u00dfte f\u00fcr  alle Syrer, besonders f\u00fcr die Minderheiten, ein Weckruf sein\u00ab, sagte Trifcovich.  Sollten die syrischen Aufst\u00e4ndischen von der UCK \u00bblernen\u00ab, werde es weder f\u00fcr  Minderheiten, noch f\u00fcr moderate Sunniten nach einem Sturz von Pr\u00e4sident Assad  noch Raum in Syrien geben.<\/p>\n<p><em>Von Karin Leukefeld, Damaskus<\/em><\/p>\n<p><a href=\"http:\/\/www.jungewelt.de\/2012\/05-09\/054.php\" target=\"_blank\">http:\/\/www.jungewelt.de\/2012\/05-09\/054.php<\/a><\/p>\n<div>09.05.2012\u00a0<a href=\"http:\/\/www.jungewelt.de\/2012\/05-09\/index.php\" target=\"_blank\"><\/a><\/div>\n<div><\/div>\n<div><\/div>\n<div>Weiterer Hintergrund zu Kosovo unter:<\/div>\n<p><a href=\"http:\/\/\">http:\/\/www.ag-friedensforschung.de\/regionen\/Serbien\/kosovo-us.html<\/a><\/p>\n","protected":false},"excerpt":{"rendered":"<p>Einem Bericht des russischen Nachrichtensenders Russia Today zufolge haben sich syrische Aufst\u00e4ndische mit der fr\u00fcheren kosovo-albanischen Untergrundgruppe UCK auf Ausbildungshilfe im Partisanenkrieg verst\u00e4ndigt.<\/p>\n","protected":false},"author":3,"featured_media":0,"comment_status":"open","ping_status":"open","sticky":false,"template":"","format":"standard","meta":{"footnotes":""},"categories":[5],"tags":[],"class_list":["post-2203","post","type-post","status-publish","format-standard","hentry","category-arabischer-raum"],"_links":{"self":[{"href":"https:\/\/www.friedensplattform.at\/index.php?rest_route=\/wp\/v2\/posts\/2203","targetHints":{"allow":["GET"]}}],"collection":[{"href":"https:\/\/www.friedensplattform.at\/index.php?rest_route=\/wp\/v2\/posts"}],"about":[{"href":"https:\/\/www.friedensplattform.at\/index.php?rest_route=\/wp\/v2\/types\/post"}],"author":[{"embeddable":true,"href":"https:\/\/www.friedensplattform.at\/index.php?rest_route=\/wp\/v2\/users\/3"}],"replies":[{"embeddable":true,"href":"https:\/\/www.friedensplattform.at\/index.php?rest_route=%2Fwp%2Fv2%2Fcomments&post=2203"}],"version-history":[{"count":0,"href":"https:\/\/www.friedensplattform.at\/index.php?rest_route=\/wp\/v2\/posts\/2203\/revisions"}],"wp:attachment":[{"href":"https:\/\/www.friedensplattform.at\/index.php?rest_route=%2Fwp%2Fv2%2Fmedia&parent=2203"}],"wp:term":[{"taxonomy":"category","embeddable":true,"href":"https:\/\/www.friedensplattform.at\/index.php?rest_route=%2Fwp%2Fv2%2Fcategories&post=2203"},{"taxonomy":"post_tag","embeddable":true,"href":"https:\/\/www.friedensplattform.at\/index.php?rest_route=%2Fwp%2Fv2%2Ftags&post=2203"}],"curies":[{"name":"wp","href":"https:\/\/api.w.org\/{rel}","templated":true}]}}