{"id":222,"date":"2007-08-15T11:01:03","date_gmt":"2007-08-15T09:01:03","guid":{"rendered":"http:\/\/www.luxorbis.org\/friedensplattform.at\/?p=222"},"modified":"2007-08-15T11:01:03","modified_gmt":"2007-08-15T09:01:03","slug":"ilisu-staudamm-finanzierungsvertrag-unterzeichnet","status":"publish","type":"post","link":"https:\/\/www.friedensplattform.at\/?p=222","title":{"rendered":"Ilisu Staudamm &#8211; Finanzierungsvertrag unterzeichnet"},"content":{"rendered":"<p>Wie die Kleine Zeitung heute berichtet hat die T\u00fcrkei einen Vertrag mit einem internationalen Konsortium zur Finanzierung des Projektes unterzeichnet. Die \u00f6sterreichische Kontrollbank hatte schon vor l\u00e4ngerer Zeit eine Haftungs\u00fcbernahme f\u00fcr das Projekt zugesichert. Die Bank Austria Creditanstalt pr\u00fcft derzeit eine m\u00f6gliche Mitfinanzierung, wogegen seit Wochen vor verschiedenen Filialen der Bank protestiert wird.<\/p>\n<p>Mehr Informationen zum Ilisu-Staudamm Projekt findet ihr hier: <a href=\"http:\/\/de.wikipedia.org\/wiki\/Il%C4%B1su-Staudamm\" title=\"Beitrag zum Ilisu Staudamm in Wikipedia\" target=\"_blank\">Wikipedia<\/a><\/p>\n","protected":false},"excerpt":{"rendered":"<p>Wie die Kleine Zeitung heute berichtet hat die T\u00fcrkei einen Vertrag mit einem internationalen Konsortium zur Finanzierung des Projektes unterzeichnet. Die \u00f6sterreichische Kontrollbank hatte schon vor l\u00e4ngerer Zeit eine Haftungs\u00fcbernahme f\u00fcr das Projekt zugesichert. Die Bank Austria Creditanstalt pr\u00fcft derzeit eine m\u00f6gliche Mitfinanzierung, wogegen seit Wochen vor verschiedenen Filialen der Bank protestiert wird. Mehr Informationen &hellip; <a href=\"https:\/\/www.friedensplattform.at\/?p=222\" class=\"more-link\"><span class=\"screen-reader-text\">Ilisu Staudamm &#8211; Finanzierungsvertrag unterzeichnet<\/span> weiterlesen <span class=\"meta-nav\">&rarr;<\/span><\/a><\/p>\n","protected":false},"author":1,"featured_media":0,"comment_status":"open","ping_status":"open","sticky":false,"template":"","format":"standard","meta":{"footnotes":""},"categories":[1],"tags":[],"class_list":["post-222","post","type-post","status-publish","format-standard","hentry","category-allgemein"],"_links":{"self":[{"href":"https:\/\/www.friedensplattform.at\/index.php?rest_route=\/wp\/v2\/posts\/222","targetHints":{"allow":["GET"]}}],"collection":[{"href":"https:\/\/www.friedensplattform.at\/index.php?rest_route=\/wp\/v2\/posts"}],"about":[{"href":"https:\/\/www.friedensplattform.at\/index.php?rest_route=\/wp\/v2\/types\/post"}],"author":[{"embeddable":true,"href":"https:\/\/www.friedensplattform.at\/index.php?rest_route=\/wp\/v2\/users\/1"}],"replies":[{"embeddable":true,"href":"https:\/\/www.friedensplattform.at\/index.php?rest_route=%2Fwp%2Fv2%2Fcomments&post=222"}],"version-history":[{"count":0,"href":"https:\/\/www.friedensplattform.at\/index.php?rest_route=\/wp\/v2\/posts\/222\/revisions"}],"wp:attachment":[{"href":"https:\/\/www.friedensplattform.at\/index.php?rest_route=%2Fwp%2Fv2%2Fmedia&parent=222"}],"wp:term":[{"taxonomy":"category","embeddable":true,"href":"https:\/\/www.friedensplattform.at\/index.php?rest_route=%2Fwp%2Fv2%2Fcategories&post=222"},{"taxonomy":"post_tag","embeddable":true,"href":"https:\/\/www.friedensplattform.at\/index.php?rest_route=%2Fwp%2Fv2%2Ftags&post=222"}],"curies":[{"name":"wp","href":"https:\/\/api.w.org\/{rel}","templated":true}]}}