{"id":2223,"date":"2012-06-09T09:50:22","date_gmt":"2012-06-09T07:50:22","guid":{"rendered":"http:\/\/www.luxorbis.org\/friedensplattform.at\/?p=2223"},"modified":"2012-06-09T09:50:22","modified_gmt":"2012-06-09T07:50:22","slug":"halas-ein-abend-fuer-palaestina","status":"publish","type":"post","link":"https:\/\/www.friedensplattform.at\/?p=2223","title":{"rendered":"!halas* \u2013 Ein Abend f&#252;r Pal&#228;stina"},"content":{"rendered":"<p><strong>!halas  \u2013 Ein Abend f\u00fcr Pal\u00e4stina<\/strong><\/p>\n<p>(<em>*<\/em>Arabisch:<em> es reicht\/genug!<\/em>)<strong> <\/strong><br \/>\nmit  <strong>Viola Raheb<\/strong> (Evang.Theologin und Konsulentin, \u00d6sterreich\/Pal\u00e4stina) und  <strong>Bettina Zangl<\/strong> (Aktivistin bei EAPPI, Ecumenical Accompainment Programme  in Palestine and Israel, \u00d6sterreich)<\/p>\n<p><strong>Termin:  DI, 12. JUN 2012, 19:00 Uhr, Heilandskirche Graz, Kaiser-Josef-Platz 9, 8010  Graz<\/strong><\/p>\n<p><strong> <\/strong><\/p>\n<p><!--more--><\/p>\n<p><strong> <\/strong><\/p>\n<p><strong>Ein  Benefizabend zugunsten der Friedensarbeit in Pal\u00e4stina<\/strong><\/p>\n<p>mit  Berichten, Texten und Poesie von und mit <strong>Viola Raheb <\/strong>(pal\u00e4stinensische  Christin, Evang. Theologin und Friedensaktivistin) und <strong>Bettina Zangl<\/strong> (Volunt\u00e4rin von <em>EAPPI<\/em>, Ecumenical Accompainment Programme in Palestine  and Israel). Beide bringen ihre in Pal\u00e4stina gemachten Erfahrungen auf  unterschiedliche Art und Weise ein: Bettina Zangl berichtet in Wort und Bild von  ihrem Einsatz als Volont\u00e4rin des EAPPI als Beobachterin an Checkpoints und in  D\u00f6rfern in der Westbank. Die Literatin Viola Raheb l\u00e4sst teilhaben an ihren  k\u00fcnstlerischen Reflexionen und Hoffnungen als \u201eTochter Pal\u00e4stinas\u201c.<\/p>\n<p><em>Eine  Kooperationsveranstaltung von Evangelische Hochschulgemeinde Graz (EHG) und  Katholische Hochschulgemeinde Graz (KHG). Mit freundlicher Unterst\u00fctzung von  Grazer Friedensb\u00fcro, KHG community (F\u00f6rderverein der KHG Graz) Evangelische  Grazer Gemeinden Kreuzkirche und Liebenau, Evangelische Superintendentur  u.a.<\/em><\/p>\n<p>EINTRITT:  Spende zugunsten von <em>EAPPI <\/em><\/p>\n<p><strong>Details:<\/strong><\/p>\n<p>Seit  \u00fcber 60 Jahren werden in Pal\u00e4stina Menschenrechtsverletzungen begangen, die zu  Vertreibung und Tod der dort Lebenden und zu Entwurzelung und Traumatisierung  der Vertriebenen f\u00fchren. Angesichts der realpolitischen Verh\u00e4ltnisse bleibt oft  nicht mehr als die Hoffnung auf einen friedlichen Alltag und der Wunsch nach  Ver\u00e4nderung der Situation f\u00fcr die dort lebende Bev\u00f6lkerung hin zu einem Leben in  W\u00fcrde. Mit Viola Raheb und Bettina Zangl verleihen zwei au\u00dfergew\u00f6hnliche Frauen  ihrer Verbundenheit mit dem entrechteten pal\u00e4stinensischen Volk auf  unterschiedliche Weise Ausdruck und werden als K\u00fcnstlerinnen, Aktivistinnen und  Berichterstatterinnen solidarisch.<\/p>\n<p>Die  pal\u00e4stinensische Christin, K\u00fcnstlerin und Friedensaktivistin <strong>Viola Raheb<\/strong> wurde in Betlehem geboren, studierte in Heidelberg und lebt heute in Wien, wo  sie als Autorin arbeitet und als Konsulentin im Bereich der  Entwicklungszusammenarbeit, der Erwachsenenbildung sowie im interreligi\u00f6sen  Dialog in Erscheinung tritt und gemeinsam mit ihrem Mann, dem Musiker Marwan  Abado, immer wieder k\u00fcnstlerisch wirkt. In der Grazer Heilandskirche tritt Viola  Raheb eine lyrisch-literarische Reise nach Pal\u00e4stina an.<\/p>\n<p>Die  Steirerin <strong>Bettina Zangl<\/strong> befasst sich nicht nur juristisch mit der  v\u00f6lkerrechtlichen Situation der Pal\u00e4stinenserInnen. Als Volunt\u00e4rin des  \u00f6kumenischen Programms <em>EAPPI (Ecumenical Accompaniment Programme in Palestine  and Israel) <\/em>verbrachte die Nahost-Erfahrene zuletzt drei Monate an  Checkpoints in der Westbank. Am 12. Juni berichtet sie \u00fcber ihren spannenden  Einsatz und informiert \u00fcber Friedensarbeit und M\u00f6glichkeiten  zivilgesellschaftlicher Mitbeteiligung.<\/p>\n<p><em>Weitere  Infos: <\/em><a href=\"http:\/\/www.eappi.org\/\" target=\"_blank\"><em>www.eappi.org\/<\/em><\/a><em> und <\/em><a href=\"http:\/\/www.violaraheb.net\/\" target=\"_blank\"><em>www.violaraheb.net\/<\/em><\/a><em> <\/em><\/p>\n","protected":false},"excerpt":{"rendered":"<p>!halas \u2013 Ein Abend f\u00fcr Pal\u00e4stina (*Arabisch: es reicht\/genug!) mit Viola Raheb (Evang.Theologin und Konsulentin, \u00d6sterreich\/Pal\u00e4stina) und Bettina Zangl (Aktivistin bei EAPPI, Ecumenical Accompainment Programme in Palestine and Israel, \u00d6sterreich) Termin: DI, 12. JUN 2012, 19:00 Uhr, Heilandskirche Graz, Kaiser-Josef-Platz 9, 8010 Graz<\/p>\n","protected":false},"author":1,"featured_media":0,"comment_status":"open","ping_status":"open","sticky":false,"template":"","format":"standard","meta":{"footnotes":""},"categories":[1],"tags":[],"class_list":["post-2223","post","type-post","status-publish","format-standard","hentry","category-allgemein"],"_links":{"self":[{"href":"https:\/\/www.friedensplattform.at\/index.php?rest_route=\/wp\/v2\/posts\/2223","targetHints":{"allow":["GET"]}}],"collection":[{"href":"https:\/\/www.friedensplattform.at\/index.php?rest_route=\/wp\/v2\/posts"}],"about":[{"href":"https:\/\/www.friedensplattform.at\/index.php?rest_route=\/wp\/v2\/types\/post"}],"author":[{"embeddable":true,"href":"https:\/\/www.friedensplattform.at\/index.php?rest_route=\/wp\/v2\/users\/1"}],"replies":[{"embeddable":true,"href":"https:\/\/www.friedensplattform.at\/index.php?rest_route=%2Fwp%2Fv2%2Fcomments&post=2223"}],"version-history":[{"count":0,"href":"https:\/\/www.friedensplattform.at\/index.php?rest_route=\/wp\/v2\/posts\/2223\/revisions"}],"wp:attachment":[{"href":"https:\/\/www.friedensplattform.at\/index.php?rest_route=%2Fwp%2Fv2%2Fmedia&parent=2223"}],"wp:term":[{"taxonomy":"category","embeddable":true,"href":"https:\/\/www.friedensplattform.at\/index.php?rest_route=%2Fwp%2Fv2%2Fcategories&post=2223"},{"taxonomy":"post_tag","embeddable":true,"href":"https:\/\/www.friedensplattform.at\/index.php?rest_route=%2Fwp%2Fv2%2Ftags&post=2223"}],"curies":[{"name":"wp","href":"https:\/\/api.w.org\/{rel}","templated":true}]}}