{"id":2225,"date":"2012-06-11T08:36:17","date_gmt":"2012-06-11T06:36:17","guid":{"rendered":"http:\/\/www.luxorbis.org\/friedensplattform.at\/?p=2225"},"modified":"2012-06-11T08:36:17","modified_gmt":"2012-06-11T06:36:17","slug":"onlinepetition-freedom-theatre-jenin","status":"publish","type":"post","link":"https:\/\/www.friedensplattform.at\/?p=2225","title":{"rendered":"OnlinePetition FREEDOM THEATRE JENIN"},"content":{"rendered":"<p>Das Freedom Theatre Jenin im Westjordanland will mit Mitteln der  Kunst soziale und politische Ver\u00e4nderung erreichen. Den Kindern und  Jugendlichen des Fl\u00fcchtlingslagers werden unterschiedliche M\u00f6glichkeiten  er\u00f6ffnet, eigene F\u00e4higkeiten zu entfalten und das Selbstvertrauen  aufzubauen, das sie brauchen, um ihre Zukunft selbst in die Hand zu  nehmen.<br \/>\nNabil Al-Raee hatte die Leitung des Freedom Theatre \u00fcbernommen,  nachdem der Gr\u00fcnder und Direktor Juliano Mer-Khamis im April 2011 vor  seinem Theater erschossen wurde.<br \/>\nUnter dem Vorwand der Ermittlung  in diesem Mordfall waren die Mitarbeiter des Freedom Theatre seitdem  zahlreichen Festnahmen, agressiven Verh\u00f6ren und \u00dcberf\u00e4llen des  israelischen Milit\u00e4rs ausgesetzt .<!--more--><\/p>\n<p>Am 6. Juni 2012 wurde Nabil Al-Raee in den fr\u00fchen Morgenstunden von  israelischen Soldaten in seiner Wohnung aus dem Schlaf gerissen und an  einen unbekannten Ort verschleppt.<\/p>\n<p>Micaela Miranda, Al-Raees  Ehefrau schildert: \u00bbIch sah Soldaten \u00fcber den Zaun springen und in den  Hof laufen. Sie fragten nach meinem Mann und ich wollte wissen, warum.  Die Soldaten antworteten, dass sie mir das nicht sagen w\u00fcrden. Dann  nahmen sie Nabil, brachten ihn zu einem Jeep der Armee und fuhren davon.  Wir sind sehr besorgt, weil wir nicht wissen, wohin sie ihn gebracht  haben und weshalb.\u00ab<\/p>\n<p><a href=\"http:\/\/www.thefreedomtheatre.org\/news.php?id=239\" target=\"_blank\">www.thefreedomtheatre.org\/news.php?id=239<\/a><\/p>\n<p>Hinweis auf diese Online-Petition<\/p>\n<div><span style=\"text-decoration: underline;\"><span style=\"color: #0066cc;\"><a href=\"http:\/\/openpetition.de\/petition\/online\/aufruf-zur-solidarisierung-mit-den-mitarbeitern-des-freedom-theatre-jenin-in-palaestina\" target=\"_blank\">http:\/\/openpetition.de\/petition\/online\/aufruf-zur-solidarisierung-mit-den-mitarbeitern-des-freedom-theatre-jenin-in-palaestina<\/a> <\/span><\/span><\/div>\n<div><span style=\"text-decoration: underline;\"><span style=\"color: #0066cc;\">Aufruf zur Solidarisierung mit den Mitarbeitern des Freedom Theatre Jenin in Pal\u00e4stina <\/span><\/span><\/div>\n<div>\n<p><span>Begr\u00fcndung: <\/span><span>Wir sind \u00e4u\u00dferst schockiert vom  Vorgehen des israelischen Milit\u00e4rs gegen diese Kultureinrichtung und  sehen rechtsstaatliche Grundregels gef\u00e4hrdet.<br \/>\nWir fordern vom Ausw\u00e4rtigen Amt die Solidarisierung mit dem Freedom Theatre und eine klare \u00f6ffentliche Stellungnahme.<\/span><\/p>\n<p><span><br \/>\n<\/span><\/p>\n<p><span>Im Namen aller Unterzeichner. <\/span><\/p>\n<p><span>Berlin, 09.06.2012 (aktiv bis 15.06.2012) <\/span><\/div>\n","protected":false},"excerpt":{"rendered":"<p>Das Freedom Theatre Jenin im Westjordanland will mit Mitteln der Kunst soziale und politische Ver\u00e4nderung erreichen. Den Kindern und Jugendlichen des Fl\u00fcchtlingslagers werden unterschiedliche M\u00f6glichkeiten er\u00f6ffnet, eigene F\u00e4higkeiten zu entfalten und das Selbstvertrauen aufzubauen, das sie brauchen, um ihre Zukunft selbst in die Hand zu nehmen. Nabil Al-Raee hatte die Leitung des Freedom Theatre \u00fcbernommen, &hellip; <a href=\"https:\/\/www.friedensplattform.at\/?p=2225\" class=\"more-link\"><span class=\"screen-reader-text\">OnlinePetition FREEDOM THEATRE JENIN<\/span> weiterlesen <span class=\"meta-nav\">&rarr;<\/span><\/a><\/p>\n","protected":false},"author":3,"featured_media":0,"comment_status":"open","ping_status":"open","sticky":false,"template":"","format":"standard","meta":{"footnotes":""},"categories":[18],"tags":[],"class_list":["post-2225","post","type-post","status-publish","format-standard","hentry","category-palaestina-solidaritaet"],"_links":{"self":[{"href":"https:\/\/www.friedensplattform.at\/index.php?rest_route=\/wp\/v2\/posts\/2225","targetHints":{"allow":["GET"]}}],"collection":[{"href":"https:\/\/www.friedensplattform.at\/index.php?rest_route=\/wp\/v2\/posts"}],"about":[{"href":"https:\/\/www.friedensplattform.at\/index.php?rest_route=\/wp\/v2\/types\/post"}],"author":[{"embeddable":true,"href":"https:\/\/www.friedensplattform.at\/index.php?rest_route=\/wp\/v2\/users\/3"}],"replies":[{"embeddable":true,"href":"https:\/\/www.friedensplattform.at\/index.php?rest_route=%2Fwp%2Fv2%2Fcomments&post=2225"}],"version-history":[{"count":0,"href":"https:\/\/www.friedensplattform.at\/index.php?rest_route=\/wp\/v2\/posts\/2225\/revisions"}],"wp:attachment":[{"href":"https:\/\/www.friedensplattform.at\/index.php?rest_route=%2Fwp%2Fv2%2Fmedia&parent=2225"}],"wp:term":[{"taxonomy":"category","embeddable":true,"href":"https:\/\/www.friedensplattform.at\/index.php?rest_route=%2Fwp%2Fv2%2Fcategories&post=2225"},{"taxonomy":"post_tag","embeddable":true,"href":"https:\/\/www.friedensplattform.at\/index.php?rest_route=%2Fwp%2Fv2%2Ftags&post=2225"}],"curies":[{"name":"wp","href":"https:\/\/api.w.org\/{rel}","templated":true}]}}